{"id":2069,"date":"2013-04-01T00:00:00","date_gmt":"2013-04-01T00:00:00","guid":{"rendered":""},"modified":"2013-04-01T00:00:00","modified_gmt":"2013-04-01T00:00:00","slug":"victima-1","status":"publish","type":"post","link":"https:\/\/interactivos.museodelamemoria.cl\/victims\/?p=2069","title":{"rendered":"YA\u00d1EZ YA\u00d1EZ MANUEL ALBERTO"},"content":{"rendered":"<hr class=\"wp-block-separator has-text-color has-white-color has-alpha-channel-opacity has-white-background-color has-background is-style-default\"\/><p><strong>Instancia Calificadora:<\/strong> CNRR violencia pol\u00edtica<\/p><p><strong>Militancia:<\/strong> Sin Militancia<\/p><p><strong>Regi\u00f3n:<\/strong> V Valpara\u00edso<\/p><p><strong>Ciudad:<\/strong> VALPARAISO<\/p><p><strong>Comuna:<\/strong> <\/p><p><strong>Fecha Detenci\u00f3n\/Muerte:<\/strong> 15-09-1973<\/p><p><strong>Ocupaci\u00f3n:<\/strong> MARINERO 1\u00ba ARMADA<\/p><p><strong>Edad:<\/strong> 23<\/p>\n<hr class=\"wp-block-separator has-text-color has-white-color has-alpha-channel-opacity has-white-background-color has-background is-style-default\"\/>\tManuel Alberto Ya\u00f1ez Ya\u00f1ez muri\u00f3 ese d\u00eda a las 0:45 horas, en el Instituto M\u00e9dico Legal de Valpara\u00edso, por una herida de bala precordial, seg\u00fan consigna el Certificado de Defunci\u00f3n.\r\n\r\nSeg\u00fan declaraci\u00f3n de su madre, el joven, perteneciente a la dotaci\u00f3n de la Escuela de Ingenier\u00eda Naval, fue impactado por un proyectil disparado por desconocidos que se movilizaban en una camioneta, mientras hac\u00eda guardia en el Parque Italia de Valpara\u00edso.\r\n\r\nLa Direcci\u00f3n General del Personal de la Armada de Chile inform\u00f3 a esta Corporaci\u00f3n que Y\u00e1\u00f1ez Y\u00e1\u00f1ez falleci\u00f3 en un accidente ocurrido en acto del servicio.\r\n\r\nConsiderando los antecedentes reunidos y la investigaci\u00f3n realizada por esta Corporaci\u00f3n, atendiendo la \u00e9poca y la causa de la muerte, el Consejo Superior declar\u00f3 a Manuel Alberto Y\u00e1\u00f1ez Y\u00e1\u00f1ez v\u00edctima de la violencia pol\u00edtica imperante.\t","protected":false},"excerpt":{"rendered":"<p>\tManuel Alberto Ya\u00f1ez Ya\u00f1ez, 23 a\u00f1os,  marinero 1\u00ba de la Armada de Chile. Muerto el 15 de septiembre de 1973 en Valpara\u00edso.\t &hellip; <a href=\"https:\/\/interactivos.museodelamemoria.cl\/victims\/?p=2069\" class=\"more-link\"><span class=\"readmore\">Averigua m\u00e1s acerca de esta v\u00edctima&#8230;<span class=\"screen-reader-text\">YA\u00d1EZ YA\u00d1EZ MANUEL ALBERTO<\/span><\/span><\/a><\/p>\n","protected":false},"author":1,"featured_media":0,"comment_status":"open","ping_status":"open","sticky":false,"template":"","format":"standard","meta":{"footnotes":""},"categories":[5],"tags":[],"class_list":["post-2069","post","type-post","status-publish","format-standard","hentry","category-ejecutado-politico"],"_links":{"self":[{"href":"https:\/\/interactivos.museodelamemoria.cl\/victims\/index.php?rest_route=\/wp\/v2\/posts\/2069"}],"collection":[{"href":"https:\/\/interactivos.museodelamemoria.cl\/victims\/index.php?rest_route=\/wp\/v2\/posts"}],"about":[{"href":"https:\/\/interactivos.museodelamemoria.cl\/victims\/index.php?rest_route=\/wp\/v2\/types\/post"}],"author":[{"embeddable":true,"href":"https:\/\/interactivos.museodelamemoria.cl\/victims\/index.php?rest_route=\/wp\/v2\/users\/1"}],"replies":[{"embeddable":true,"href":"https:\/\/interactivos.museodelamemoria.cl\/victims\/index.php?rest_route=%2Fwp%2Fv2%2Fcomments&post=2069"}],"version-history":[{"count":0,"href":"https:\/\/interactivos.museodelamemoria.cl\/victims\/index.php?rest_route=\/wp\/v2\/posts\/2069\/revisions"}],"wp:attachment":[{"href":"https:\/\/interactivos.museodelamemoria.cl\/victims\/index.php?rest_route=%2Fwp%2Fv2%2Fmedia&parent=2069"}],"wp:term":[{"taxonomy":"category","embeddable":true,"href":"https:\/\/interactivos.museodelamemoria.cl\/victims\/index.php?rest_route=%2Fwp%2Fv2%2Fcategories&post=2069"},{"taxonomy":"post_tag","embeddable":true,"href":"https:\/\/interactivos.museodelamemoria.cl\/victims\/index.php?rest_route=%2Fwp%2Fv2%2Ftags&post=2069"}],"curies":[{"name":"wp","href":"https:\/\/api.w.org\/{rel}","templated":true}]}}