{"id":2105,"date":"2013-04-01T00:00:00","date_gmt":"2013-04-01T00:00:00","guid":{"rendered":""},"modified":"2013-04-01T00:00:00","modified_gmt":"2013-04-01T00:00:00","slug":"victima-1","status":"publish","type":"post","link":"https:\/\/interactivos.museodelamemoria.cl\/victims\/?p=2105","title":{"rendered":"ZU\u00d1IGA LLANQUILEF ARIEL EDUARDO"},"content":{"rendered":"<hr class=\"wp-block-separator has-text-color has-white-color has-alpha-channel-opacity has-white-background-color has-background is-style-default\"\/><p><strong>Instancia Calificadora:<\/strong> CNRR violaci\u00f3n de DDHH<\/p><p><strong>Militancia:<\/strong> PS<\/p><p><strong>Regi\u00f3n:<\/strong> IX Araucan\u00eda<\/p><p><strong>Ciudad:<\/strong> PITRUFQUEN<\/p><p><strong>Comuna:<\/strong> PITRUFQUEN<\/p><p><strong>Fecha Detenci\u00f3n\/Muerte:<\/strong> 12-02-1990<\/p><p><strong>Ocupaci\u00f3n:<\/strong> MECANICO<\/p><p><strong>Edad:<\/strong> 25<\/p>\n<hr class=\"wp-block-separator has-text-color has-white-color has-alpha-channel-opacity has-white-background-color has-background is-style-default\"\/>\tAriel Eduardo Z\u00fa\u00f1iga Llanquilef muri\u00f3 ese d\u00eda a las 3:00 horas, en la Carretera Panamericana Sur, comuna de Pitrufqu\u00e9n, politraumatizado con luxo fractura cervical por atropellamiento, seg\u00fan consta en el Certificado M\u00e9dico de Defunci\u00f3n del Instituto M\u00e9dico Legal. El Informe de Autopsia se\u00f1ala que la fractura cervical fue la que produjo la muerte instant\u00e1nea.\r\n\r\nEl 12 de febrero de 1990, en la madrugada, Ariel Z\u00fa\u00f1iga caminaba en estado de ebriedad por la Carretera Sur, en compa\u00f1\u00eda de un amigo. Ambos fueron interceptados por una patrulla de Carabineros y uno de los funcionarios los amenaz\u00f3, golpeando con su bast\u00f3n de servicio a Z\u00fa\u00f1iga Llanquilef, quien cay\u00f3 al suelo de espaldas. \r\n\r\nSu cad\u00e1ver fue encontrado en la Carretera; de acuerdo con lo se\u00f1alado en el parte de Carabineros, presentaba signos de haber sido atropellado momentos antes. Sin embargo, dicha versi\u00f3n fue desmentida por la declaraci\u00f3n de otro funcionario policial.\r\n\r\nConsiderando los antecedentes reunidos, esta Corporaci\u00f3n concluy\u00f3 que la muerte de Ariel Eduardo Z\u00fa\u00f1iga LLanquilef se debi\u00f3 al abuso de poder cometido por un agente del Estado al margen de sus funciones y sin haber sido sancionado por la autoridad respectiva, la que asegur\u00f3 su impunidad.  Por esa raz\u00f3n, lo declar\u00f3 v\u00edctima de violaci\u00f3n de derechos humanos.\t","protected":false},"excerpt":{"rendered":"<p>\tAriel Eduardo Z\u00fa\u00f1iga Llanquilef, 25 a\u00f1os, mec\u00e1nico, militante del Partido Socialista. Muerto el 12 de febrero de 1990 en la comuna de Pitrufqu\u00e9n.\t &hellip; <a href=\"https:\/\/interactivos.museodelamemoria.cl\/victims\/?p=2105\" class=\"more-link\"><span class=\"readmore\">Averigua m\u00e1s acerca de esta v\u00edctima&#8230;<span class=\"screen-reader-text\">ZU\u00d1IGA LLANQUILEF ARIEL EDUARDO<\/span><\/span><\/a><\/p>\n","protected":false},"author":1,"featured_media":0,"comment_status":"open","ping_status":"open","sticky":false,"template":"","format":"standard","meta":{"footnotes":""},"categories":[5],"tags":[],"class_list":["post-2105","post","type-post","status-publish","format-standard","hentry","category-ejecutado-politico"],"_links":{"self":[{"href":"https:\/\/interactivos.museodelamemoria.cl\/victims\/index.php?rest_route=\/wp\/v2\/posts\/2105"}],"collection":[{"href":"https:\/\/interactivos.museodelamemoria.cl\/victims\/index.php?rest_route=\/wp\/v2\/posts"}],"about":[{"href":"https:\/\/interactivos.museodelamemoria.cl\/victims\/index.php?rest_route=\/wp\/v2\/types\/post"}],"author":[{"embeddable":true,"href":"https:\/\/interactivos.museodelamemoria.cl\/victims\/index.php?rest_route=\/wp\/v2\/users\/1"}],"replies":[{"embeddable":true,"href":"https:\/\/interactivos.museodelamemoria.cl\/victims\/index.php?rest_route=%2Fwp%2Fv2%2Fcomments&post=2105"}],"version-history":[{"count":0,"href":"https:\/\/interactivos.museodelamemoria.cl\/victims\/index.php?rest_route=\/wp\/v2\/posts\/2105\/revisions"}],"wp:attachment":[{"href":"https:\/\/interactivos.museodelamemoria.cl\/victims\/index.php?rest_route=%2Fwp%2Fv2%2Fmedia&parent=2105"}],"wp:term":[{"taxonomy":"category","embeddable":true,"href":"https:\/\/interactivos.museodelamemoria.cl\/victims\/index.php?rest_route=%2Fwp%2Fv2%2Fcategories&post=2105"},{"taxonomy":"post_tag","embeddable":true,"href":"https:\/\/interactivos.museodelamemoria.cl\/victims\/index.php?rest_route=%2Fwp%2Fv2%2Ftags&post=2105"}],"curies":[{"name":"wp","href":"https:\/\/api.w.org\/{rel}","templated":true}]}}