{"id":214,"date":"2013-04-01T00:00:00","date_gmt":"2013-04-01T00:00:00","guid":{"rendered":""},"modified":"2013-04-01T00:00:00","modified_gmt":"2013-04-01T00:00:00","slug":"victima-1","status":"publish","type":"post","link":"https:\/\/interactivos.museodelamemoria.cl\/victims\/?p=214","title":{"rendered":"ANGULO MATAMALA ROLANDO GASTON"},"content":{"rendered":"<hr class=\"wp-block-separator has-text-color has-white-color has-alpha-channel-opacity has-white-background-color has-background is-style-default\"\/><p><strong>Instancia Calificadora:<\/strong> CVR violaci\u00f3n de DDHH<\/p><p><strong>Militancia:<\/strong> MIR<\/p><p><strong>Regi\u00f3n:<\/strong> VIII Biob\u00edo<\/p><p><strong>Ciudad:<\/strong> \u00d1UBLE<\/p><p><strong>Comuna:<\/strong> SAN CARLOS<\/p><p><strong>Fecha Detenci\u00f3n\/Muerte:<\/strong> 00-04-1974<\/p><p><strong>Ocupaci\u00f3n:<\/strong> ASISTENTE SOCIAL, JEFE D.A.S. DEL MINISTERIO DEL INTERIOR<\/p><p><strong>Edad:<\/strong> 26<\/p>\n<hr class=\"wp-block-separator has-text-color has-white-color has-alpha-channel-opacity has-white-background-color has-background is-style-default\"\/>\tEn ese mismo mes falleci\u00f3 en la octava Regi\u00f3n el militante del MIR Rolando Gast\u00f3n ANGULO MATAMALA, funcionario p\u00fablico, quien hab\u00eda sido detenido el 19 de abril de 1974.  Su cuerpo fue encontrado en San Carlos junto con el de cuatro personas, que corresponder\u00edan a otras tantas que fueron detenidas junto a \u00e9l.  La Comisi\u00f3n, con los antecedentes de que dispone, se form\u00f3 la convicci\u00f3n de que la v\u00edctima fue ejecutada en violaci\u00f3n de sus derechos humanos, por agentes estatales.\t","protected":false},"excerpt":{"rendered":"<p>\tRolando Gast\u00f3n Angulo Matamala, 26 a\u00f1os, funcionario p\u00fablico, militante del Movimiento de Izquierda Revolucionaria. Muerto en abril de 1974 en San Carlos.\t &hellip; <a href=\"https:\/\/interactivos.museodelamemoria.cl\/victims\/?p=214\" class=\"more-link\"><span class=\"readmore\">Averigua m\u00e1s acerca de esta v\u00edctima&#8230;<span class=\"screen-reader-text\">ANGULO MATAMALA ROLANDO GASTON<\/span><\/span><\/a><\/p>\n","protected":false},"author":1,"featured_media":0,"comment_status":"open","ping_status":"open","sticky":false,"template":"","format":"standard","meta":{"footnotes":""},"categories":[5],"tags":[],"class_list":["post-214","post","type-post","status-publish","format-standard","hentry","category-ejecutado-politico"],"_links":{"self":[{"href":"https:\/\/interactivos.museodelamemoria.cl\/victims\/index.php?rest_route=\/wp\/v2\/posts\/214"}],"collection":[{"href":"https:\/\/interactivos.museodelamemoria.cl\/victims\/index.php?rest_route=\/wp\/v2\/posts"}],"about":[{"href":"https:\/\/interactivos.museodelamemoria.cl\/victims\/index.php?rest_route=\/wp\/v2\/types\/post"}],"author":[{"embeddable":true,"href":"https:\/\/interactivos.museodelamemoria.cl\/victims\/index.php?rest_route=\/wp\/v2\/users\/1"}],"replies":[{"embeddable":true,"href":"https:\/\/interactivos.museodelamemoria.cl\/victims\/index.php?rest_route=%2Fwp%2Fv2%2Fcomments&post=214"}],"version-history":[{"count":0,"href":"https:\/\/interactivos.museodelamemoria.cl\/victims\/index.php?rest_route=\/wp\/v2\/posts\/214\/revisions"}],"wp:attachment":[{"href":"https:\/\/interactivos.museodelamemoria.cl\/victims\/index.php?rest_route=%2Fwp%2Fv2%2Fmedia&parent=214"}],"wp:term":[{"taxonomy":"category","embeddable":true,"href":"https:\/\/interactivos.museodelamemoria.cl\/victims\/index.php?rest_route=%2Fwp%2Fv2%2Fcategories&post=214"},{"taxonomy":"post_tag","embeddable":true,"href":"https:\/\/interactivos.museodelamemoria.cl\/victims\/index.php?rest_route=%2Fwp%2Fv2%2Ftags&post=214"}],"curies":[{"name":"wp","href":"https:\/\/api.w.org\/{rel}","templated":true}]}}