{"id":2196,"date":"2013-04-01T00:00:00","date_gmt":"2013-04-01T00:00:00","guid":{"rendered":""},"modified":"2024-09-10T13:00:53","modified_gmt":"2024-09-10T13:00:53","slug":"victima-1-1122","status":"publish","type":"post","link":"https:\/\/interactivos.museodelamemoria.cl\/victims\/?p=2196","title":{"rendered":"ACHU LIENDO RIGOBERTO DEL CARMEN"},"content":{"rendered":"<hr class=\"wp-block-separator has-text-color has-white-color has-alpha-channel-opacity has-white-background-color has-background is-style-default\"\/><p><strong>Instancia Calificadora:<\/strong> CVR violaci\u00f3n de DDHH<\/p><p><strong>Militancia:<\/strong> PS<\/p><p><strong>Regi\u00f3n:<\/strong> V Valpara\u00edso<\/p><p><strong>Ciudad:<\/strong> SAN FELIPE<\/p><p><strong>Comuna:<\/strong> <\/p><p><strong>Fecha Detenci\u00f3n\/Muerte:<\/strong> 13-12-1973<\/p><p><strong>Ocupaci\u00f3n:<\/strong> JEFE DESARROLLO SOCIAL SAN FELIPE Y LOS ANDES<\/p><p><strong>Edad:<\/strong> 31<\/p>\n<hr class=\"wp-block-separator has-text-color has-white-color has-alpha-channel-opacity has-white-background-color has-background is-style-default\"\/><p>El 13 de diciembre de 1973, personal del Ej\u00e9rcito dio muerte en San Felipe a otras dos personas:<\/p>\n<p>Absal\u00f3n del Carmen WEGNER MILLAR, 31 a\u00f1os, Director del Area de Salud de San Felipe y m\u00e9dico del Hospital Siqui\u00e1trico de Putaendo, militante comunista, quien fuera detenido por primera vez el 12 \u00f3 13 de septiembre, durante un d\u00eda, siendo liberado sin cargos y con orden de reintegrarse a su trabajo en el hospital.<\/p>\n<p>Su segunda detenci\u00f3n se produjo en los \u00faltimos d\u00edas de noviembre, oportunidad en que fue puesto a disposici\u00f3n de la autoridad militar local.<\/p>\n<p>Rigoberto del Carmen ACHU LIENDO, 31 a\u00f1os, Secretario Seccional del Partido Socialista y Jefe de Desarrollo Social de San Felipe.  Fue detenido el 12 de septiembre en casa de un familiar por efectivos militares del Regimiento de Infanter\u00eda N\u00ba 3 Yungay, luego de haber sido llamado por un bando militar.  Se le recluy\u00f3 en la C\u00e1rcel de San Felipe, desde donde era sacado regularmente para ser interrogado en el Cuartel de Investigaciones, por personal de dicha Repartici\u00f3n.<\/p>\n<p>Seg\u00fan la versi\u00f3n oficial entregada por el Jefe de Zona en Estado de Sitio de la Provincia de Aconcagua y Comandante del Regimiento de Infanter\u00eda N\u00ba 3,Yungay, cuando los detenidos eran trasladados de regreso a la C\u00e1rcel, desde la Fiscal\u00eda Militar, el veh\u00edculo en que viajaban qued\u00f3 en panne a s\u00f3lo 60 metros del establecimiento penal, debiendo continuarse el recorrido a pie.  En ese momento, uno de los prisioneros habr\u00eda aprovechado la situaci\u00f3n para \u00abviolentar\u00bb el arma de servicio de un conscripto, y el otro, para darse a la fuga, siendo ambos muertos instant\u00e1neamente.  <\/p>\n<p>La Comisi\u00f3n no pudo aceptar esta versi\u00f3n atendidas, principalmente, las siguientes circunstancias: <\/p>\n<p>&#8211; Es inveros\u00edmil que dar muerte a los afectados haya sido la \u00fanica forma de evitar su presunta huida, puesto que iban desarmados y bajo fuerte vigilancia de los efectivos del Regimiento de Infanter\u00eda N\u00ba 3 Yungay y estando la patrulla inmediata al recinto penitenciario, que dispon\u00eda de personal capacitado para prestar ayuda en la supuesta captura de los evadidos.  Tambi\u00e9n cabe destacar que se ha podido acreditar que los prisioneros hab\u00edan sido llevados encadenados a la Fiscal\u00eda Militar, como mayor medida de seguridad, y no se ve motivo para suponer que no fueran devueltos al penal en la misma forma, a menos que quisiera prefigurarse de alg\u00fan modo su supuesta hu\u00edda.<\/p>\n<p>&#8211; La existencia de testigos presenciales y veros\u00edmiles que se\u00f1alaron que los detenidos eran custodiados por una patrulla del Ej\u00e9rcito camino a la c\u00e1rcel y que en determinado momento, sin que existiese intento alguno de fuga, los funcionarios militares les dispararon por la espalda, remat\u00e1ndolos posteriormente con otros disparos.  Declararon adem\u00e1s, que los cuerpos fueron subidos inmediatamente a un veh\u00edculo, y que personal de Gendarmer\u00eda sali\u00f3 en los mismos instantes del recinto carcelario con baldes de agua, para lavar los rastros de sangre de la vereda.<\/p>\n<p>&#8211; Rigoberto Ach\u00fa se encontraba en muy mal estado de salud, producto de las torturas sistem\u00e1ticas que se le aplicaron en el Cuartel de Investigaciones desde el mismo d\u00eda 12 de septiembre en que fue detenido, y a consecuencia de ellas no pod\u00eda vestirse, comer ni moverse coordinadamente.  El mismo d\u00eda de su ejecuci\u00f3n, se lo vio muy deteriorado f\u00edsicamente, con muy bajo peso y con notoria p\u00e9rdida de su cabello.  Su condici\u00f3n hac\u00eda inveros\u00edmil que tratara de huir.<\/p>\n<p>&#8211; No resulta veros\u00edmil la versi\u00f3n de que el doctor Wegner hubiese intentado huir, ya que por antecedentes y testimonios reunidos por esta Comisi\u00f3n, resulta demostrado que se trataba de una persona que no intent\u00f3 nunca eludir a las autoridades militares.  Despu\u00e9s de los hechos del 11 de septiembre, permaneci\u00f3 detenido por un d\u00eda en la C\u00e1rcel de San Felipe, y una vez que fue dejado en libertad, continu\u00f3 viviendo en la zona, llevando una vida p\u00fablica, y trabajando en el mismo servicio, a pesar de haber contado con los medios para huir de la zona sin que nadie se lo impidiese, por no existir cargos en su contra, los cuales no fueron conocidos ni siquiera despu\u00e9s de su segunda detenci\u00f3n.<\/p>\n\n\n<blockquote class=\"wp-block-quote is-layout-flow wp-block-quote-is-layout-flow\">\n<hr class=\"wp-block-separator has-alpha-channel-opacity\"\/>\n<cite><br>Para revisar informaci\u00f3n judicial sobre esta persona acceda al repositorio del Proyecto Expedientes de la Represi\u00f3n, que recopila las sentencias judiciales dictadas en los procesos penales ya concluidos por violaciones de derechos humanos cometidas durante la dictadura.<\/cite><\/blockquote>\n\n\n\n<figure class=\"wp-block-image size-full is-resized\"><a href=\"https:\/\/expedientesdelarepresion.cl\/causa\/rigoberto-achu-liendo-y-absolon-wegner-millar\/\"><img loading=\"lazy\" decoding=\"async\" width=\"126\" height=\"121\" src=\"https:\/\/interactivos.museodelamemoria.cl\/victimas\/wp-content\/uploads\/2024\/07\/logo-expedientes-de-la-represion_ok-e1721845389628.png\" alt=\"\" class=\"wp-image-5088\" style=\"width:113px;height:auto\"\/><\/a><\/figure>\n","protected":false},"excerpt":{"rendered":"<p>\tRigoberto del Carmen Achu Liendo, 31 a\u00f1os, Jefe de Desarrollo Social de San Felipe, Secretario Seccional del Partido Socialista. Muerto el 13 de diciembre de 1973 en San Felipe. \t &hellip; <a href=\"https:\/\/interactivos.museodelamemoria.cl\/victims\/?p=2196\" class=\"more-link\"><span class=\"readmore\">Averigua m\u00e1s acerca de esta v\u00edctima&#8230;<span class=\"screen-reader-text\">ACHU LIENDO RIGOBERTO DEL CARMEN<\/span><\/span><\/a><\/p>\n","protected":false},"author":1,"featured_media":0,"comment_status":"open","ping_status":"open","sticky":false,"template":"","format":"standard","meta":{"footnotes":""},"categories":[5],"tags":[],"class_list":["post-2196","post","type-post","status-publish","format-standard","hentry","category-ejecutado-politico"],"_links":{"self":[{"href":"https:\/\/interactivos.museodelamemoria.cl\/victims\/index.php?rest_route=\/wp\/v2\/posts\/2196"}],"collection":[{"href":"https:\/\/interactivos.museodelamemoria.cl\/victims\/index.php?rest_route=\/wp\/v2\/posts"}],"about":[{"href":"https:\/\/interactivos.museodelamemoria.cl\/victims\/index.php?rest_route=\/wp\/v2\/types\/post"}],"author":[{"embeddable":true,"href":"https:\/\/interactivos.museodelamemoria.cl\/victims\/index.php?rest_route=\/wp\/v2\/users\/1"}],"replies":[{"embeddable":true,"href":"https:\/\/interactivos.museodelamemoria.cl\/victims\/index.php?rest_route=%2Fwp%2Fv2%2Fcomments&post=2196"}],"version-history":[{"count":1,"href":"https:\/\/interactivos.museodelamemoria.cl\/victims\/index.php?rest_route=\/wp\/v2\/posts\/2196\/revisions"}],"predecessor-version":[{"id":7188,"href":"https:\/\/interactivos.museodelamemoria.cl\/victims\/index.php?rest_route=\/wp\/v2\/posts\/2196\/revisions\/7188"}],"wp:attachment":[{"href":"https:\/\/interactivos.museodelamemoria.cl\/victims\/index.php?rest_route=%2Fwp%2Fv2%2Fmedia&parent=2196"}],"wp:term":[{"taxonomy":"category","embeddable":true,"href":"https:\/\/interactivos.museodelamemoria.cl\/victims\/index.php?rest_route=%2Fwp%2Fv2%2Fcategories&post=2196"},{"taxonomy":"post_tag","embeddable":true,"href":"https:\/\/interactivos.museodelamemoria.cl\/victims\/index.php?rest_route=%2Fwp%2Fv2%2Ftags&post=2196"}],"curies":[{"name":"wp","href":"https:\/\/api.w.org\/{rel}","templated":true}]}}