{"id":2263,"date":"2013-04-01T00:00:00","date_gmt":"2013-04-01T00:00:00","guid":{"rendered":""},"modified":"2013-04-01T00:00:00","modified_gmt":"2013-04-01T00:00:00","slug":"victima-1","status":"publish","type":"post","link":"https:\/\/interactivos.museodelamemoria.cl\/victims\/?p=2263","title":{"rendered":"MACAYA FUENTES ROGELIO ANTONIO"},"content":{"rendered":"<hr class=\"wp-block-separator has-text-color has-white-color has-alpha-channel-opacity has-white-background-color has-background is-style-default\"\/><p><strong>Instancia Calificadora:<\/strong> CNRR violaci\u00f3n de DDHH<\/p><p><strong>Militancia:<\/strong> Sin Militancia<\/p><p><strong>Regi\u00f3n:<\/strong> RM Metropolitana<\/p><p><strong>Ciudad:<\/strong> SANTIAGO<\/p><p><strong>Comuna:<\/strong> <\/p><p><strong>Fecha Detenci\u00f3n\/Muerte:<\/strong> 26-08-1974<\/p><p><strong>Ocupaci\u00f3n:<\/strong> EMPLEADO CTC<\/p><p><strong>Edad:<\/strong> 41<\/p>\n<hr class=\"wp-block-separator has-text-color has-white-color has-alpha-channel-opacity has-white-background-color has-background is-style-default\"\/>\tRogelio Antonio Macaya Fuentes muri\u00f3 ese d\u00eda en el Hospital San Juan de Dios, por traumatismo tor\u00e1cico complicado de hemot\u00f3rax, como lo acredita el Certificado de Defunci\u00f3n, ratificado por el Protocolo de Autopsia.  \r\n\r\nDe acuerdo con las declaraciones de familiares, Rogelio Macaya fue detenido el 29 de julio de 1974, alrededor de las 20:00 horas, por efectivos de Carabineros que practicaban una redada policial. Lo condujeron a la Comisar\u00eda de Pudahuel, donde, seg\u00fan testigos presenciales, fue golpeado en forma reiterada con un objeto contundente y sacos mojados.\r\n\r\nA las 5:00 horas del d\u00eda siguiente fue puesto en libertad. \r\n\r\nUn mes despu\u00e9s falleci\u00f3 en el Hospital San Juan de Dios, a consecuencia de los golpes recibidos. El Informe de Autopsia consign\u00f3 que \u00ablas lesiones traum\u00e1ticas tor\u00e1cicas son el magullamiento grave de ambos pulmones, el desgarro de la arteria mediast\u00ednica y el hemot\u00f3rax intenso\u00bb. \r\n\r\nConsiderando los antecedentes reunidos, el Consejo Superior lleg\u00f3 a la convicci\u00f3n de que la muerte de Rogelio Antonio Macaya Fuentes fue a consecuencia de las torturas y golpes a que fue sometido durante su detenci\u00f3n por agentes del Estado, y lo declar\u00f3 v\u00edctima de violaci\u00f3n de derechos humanos.\t","protected":false},"excerpt":{"rendered":"<p>\tRogelio Antonio Macaya Fuentes, 41 a\u00f1os, empleado. Muerto el 26 de agosto de 1974 en Santiago.\t &hellip; <a href=\"https:\/\/interactivos.museodelamemoria.cl\/victims\/?p=2263\" class=\"more-link\"><span class=\"readmore\">Averigua m\u00e1s acerca de esta v\u00edctima&#8230;<span class=\"screen-reader-text\">MACAYA FUENTES ROGELIO ANTONIO<\/span><\/span><\/a><\/p>\n","protected":false},"author":1,"featured_media":0,"comment_status":"open","ping_status":"open","sticky":false,"template":"","format":"standard","meta":{"footnotes":""},"categories":[5],"tags":[],"class_list":["post-2263","post","type-post","status-publish","format-standard","hentry","category-ejecutado-politico"],"_links":{"self":[{"href":"https:\/\/interactivos.museodelamemoria.cl\/victims\/index.php?rest_route=\/wp\/v2\/posts\/2263"}],"collection":[{"href":"https:\/\/interactivos.museodelamemoria.cl\/victims\/index.php?rest_route=\/wp\/v2\/posts"}],"about":[{"href":"https:\/\/interactivos.museodelamemoria.cl\/victims\/index.php?rest_route=\/wp\/v2\/types\/post"}],"author":[{"embeddable":true,"href":"https:\/\/interactivos.museodelamemoria.cl\/victims\/index.php?rest_route=\/wp\/v2\/users\/1"}],"replies":[{"embeddable":true,"href":"https:\/\/interactivos.museodelamemoria.cl\/victims\/index.php?rest_route=%2Fwp%2Fv2%2Fcomments&post=2263"}],"version-history":[{"count":0,"href":"https:\/\/interactivos.museodelamemoria.cl\/victims\/index.php?rest_route=\/wp\/v2\/posts\/2263\/revisions"}],"wp:attachment":[{"href":"https:\/\/interactivos.museodelamemoria.cl\/victims\/index.php?rest_route=%2Fwp%2Fv2%2Fmedia&parent=2263"}],"wp:term":[{"taxonomy":"category","embeddable":true,"href":"https:\/\/interactivos.museodelamemoria.cl\/victims\/index.php?rest_route=%2Fwp%2Fv2%2Fcategories&post=2263"},{"taxonomy":"post_tag","embeddable":true,"href":"https:\/\/interactivos.museodelamemoria.cl\/victims\/index.php?rest_route=%2Fwp%2Fv2%2Ftags&post=2263"}],"curies":[{"name":"wp","href":"https:\/\/api.w.org\/{rel}","templated":true}]}}