{"id":2339,"date":"2013-04-01T00:00:00","date_gmt":"2013-04-01T00:00:00","guid":{"rendered":""},"modified":"2013-04-01T00:00:00","modified_gmt":"2013-04-01T00:00:00","slug":"victima-1","status":"publish","type":"post","link":"https:\/\/interactivos.museodelamemoria.cl\/victims\/?p=2339","title":{"rendered":"LLANQUILEF VELASQUEZ NELSON NOLBERTO"},"content":{"rendered":"<hr class=\"wp-block-separator has-text-color has-white-color has-alpha-channel-opacity has-white-background-color has-background is-style-default\"\/><p><strong>Instancia Calificadora:<\/strong> CVR violaci\u00f3n de DDHH<\/p><p><strong>Militancia:<\/strong> PS<\/p><p><strong>Regi\u00f3n:<\/strong> X Los Lagos<\/p><p><strong>Ciudad:<\/strong> PALENA<\/p><p><strong>Comuna:<\/strong> FUTALEUFU<\/p><p><strong>Fecha Detenci\u00f3n\/Muerte:<\/strong> 00-10-1973<\/p><p><strong>Ocupaci\u00f3n:<\/strong> OBRERO M.O.P.<\/p><p><strong>Edad:<\/strong> 25<\/p>\n<hr class=\"wp-block-separator has-text-color has-white-color has-alpha-channel-opacity has-white-background-color has-background is-style-default\"\/>\tEl d\u00eda 8 de octubre de 1973 fue detenido por funcionarios de Carabineros de Futalelf\u00fa Nelson Nolberto LLANQUILEF VELASQUEZ, de 25 a\u00f1os, trabajador del Plan de Emergencia del Ministerio de Obras P\u00fablicas de Puerto Ram\u00edrez, dirigente del Partido Socialista, y al ser trasladado hacia el Ret\u00e9n de Futalelf\u00fa, fue ejecutado por sus captores, siendo su cuerpo abandonado en aguas del Lago Yelcho.\r\n\r\nLa Comisi\u00f3n se form\u00f3 la convicci\u00f3n que la muerte de Nelson LLanquilef constituye una violaci\u00f3n a los derechos humanos de responsabilidad de agentes del Estado, en raz\u00f3n de testimonios recibidos que acreditan la detenci\u00f3n de la v\u00edctima, como asimismo que su muerte se produjo en la forma indicada.\t","protected":false},"excerpt":{"rendered":"<p>\tNelson Nolberto Llanquilef Vel\u00e1squez, 25 a\u00f1os, trabajador del Plan de Emergencia del Ministerio de Obras P\u00fablicas de Puerto Ram\u00edrez, dirigente del Partido Socialista. Detenido desaparecido desde el 8 de octubre de 1973 en Futaleuf\u00fa.\t &hellip; <a href=\"https:\/\/interactivos.museodelamemoria.cl\/victims\/?p=2339\" class=\"more-link\"><span class=\"readmore\">Averigua m\u00e1s acerca de esta v\u00edctima&#8230;<span class=\"screen-reader-text\">LLANQUILEF VELASQUEZ NELSON NOLBERTO<\/span><\/span><\/a><\/p>\n","protected":false},"author":1,"featured_media":0,"comment_status":"open","ping_status":"open","sticky":false,"template":"","format":"standard","meta":{"footnotes":""},"categories":[6],"tags":[],"class_list":["post-2339","post","type-post","status-publish","format-standard","hentry","category-detenido-desaparecido"],"_links":{"self":[{"href":"https:\/\/interactivos.museodelamemoria.cl\/victims\/index.php?rest_route=\/wp\/v2\/posts\/2339"}],"collection":[{"href":"https:\/\/interactivos.museodelamemoria.cl\/victims\/index.php?rest_route=\/wp\/v2\/posts"}],"about":[{"href":"https:\/\/interactivos.museodelamemoria.cl\/victims\/index.php?rest_route=\/wp\/v2\/types\/post"}],"author":[{"embeddable":true,"href":"https:\/\/interactivos.museodelamemoria.cl\/victims\/index.php?rest_route=\/wp\/v2\/users\/1"}],"replies":[{"embeddable":true,"href":"https:\/\/interactivos.museodelamemoria.cl\/victims\/index.php?rest_route=%2Fwp%2Fv2%2Fcomments&post=2339"}],"version-history":[{"count":0,"href":"https:\/\/interactivos.museodelamemoria.cl\/victims\/index.php?rest_route=\/wp\/v2\/posts\/2339\/revisions"}],"wp:attachment":[{"href":"https:\/\/interactivos.museodelamemoria.cl\/victims\/index.php?rest_route=%2Fwp%2Fv2%2Fmedia&parent=2339"}],"wp:term":[{"taxonomy":"category","embeddable":true,"href":"https:\/\/interactivos.museodelamemoria.cl\/victims\/index.php?rest_route=%2Fwp%2Fv2%2Fcategories&post=2339"},{"taxonomy":"post_tag","embeddable":true,"href":"https:\/\/interactivos.museodelamemoria.cl\/victims\/index.php?rest_route=%2Fwp%2Fv2%2Ftags&post=2339"}],"curies":[{"name":"wp","href":"https:\/\/api.w.org\/{rel}","templated":true}]}}