{"id":238,"date":"2013-04-01T00:00:00","date_gmt":"2013-04-01T00:00:00","guid":{"rendered":""},"modified":"2013-04-01T00:00:00","modified_gmt":"2013-04-01T00:00:00","slug":"victima-1","status":"publish","type":"post","link":"https:\/\/interactivos.museodelamemoria.cl\/victims\/?p=238","title":{"rendered":"RETAMAL CORNEJO DIXON"},"content":{"rendered":"<hr class=\"wp-block-separator has-text-color has-white-color has-alpha-channel-opacity has-white-background-color has-background is-style-default\"\/><p><strong>Instancia Calificadora:<\/strong> CVR violaci\u00f3n de DDHH<\/p><p><strong>Militancia:<\/strong> MIR<\/p><p><strong>Regi\u00f3n:<\/strong> IX Araucan\u00eda<\/p><p><strong>Ciudad:<\/strong> <\/p><p><strong>Comuna:<\/strong> TEMUCO<\/p><p><strong>Fecha Detenci\u00f3n\/Muerte:<\/strong> 03-10-1973<\/p><p><strong>Ocupaci\u00f3n:<\/strong> ESTUDIANTE UNIVERSITARIO<\/p><p><strong>Edad:<\/strong> 24<\/p>\n<hr class=\"wp-block-separator has-text-color has-white-color has-alpha-channel-opacity has-white-background-color has-background is-style-default\"\/>\tEl 3 de octubre de 1973 Dixon RETAMAL CORNEJO, 24 a\u00f1os, estudiante de Construcci\u00f3n Civil en la Universidad T\u00e9cnica del Estado, sede Temuco, militante del Movimiento de Izquierda Revolucionaria (MIR), fue detenido en Temuco en la Pensi\u00f3n en que resid\u00eda, por efectivos de la Fuerza A\u00e9rea.  Desde all\u00ed fue trasladado a la Base de Maquehua, cuyo personal  seg\u00fan afirman sus familiares  les habr\u00eda reconocido que hab\u00eda estado detenido en ese lugar y luego entregado a Carabineros.  En ning\u00fan recinto de Carabineros pudo ser ubicado, permaneciendo hasta la fecha desaparecido.\r\n\r\nEsta Comisi\u00f3n se ha formado convicci\u00f3n, luego de analizar acuciosamente los antecedentes del caso y considerando que no existen razones para nunca m\u00e1s tomara contacto con su familia, que Dixon Retamal Cornejo fue v\u00edctima de grave violaci\u00f3n de los derechos humanos, siendo responsable de su detenci\u00f3n y posterior desaparici\u00f3n, agentes del Estado.\t","protected":false},"excerpt":{"rendered":"<p>\tDixon Retamal Cornejo, 24 a\u00f1os, estudiante de Construcci\u00f3n Civil en la Universidad T\u00e9cnica del Estado sede Temuco, militante del Movimiento de Izquierda Revolucionaria (MIR). Muerto el 3 de octubre de 1973 en Temuco.\t &hellip; <a href=\"https:\/\/interactivos.museodelamemoria.cl\/victims\/?p=238\" class=\"more-link\"><span class=\"readmore\">Averigua m\u00e1s acerca de esta v\u00edctima&#8230;<span class=\"screen-reader-text\">RETAMAL CORNEJO DIXON<\/span><\/span><\/a><\/p>\n","protected":false},"author":1,"featured_media":0,"comment_status":"open","ping_status":"open","sticky":false,"template":"","format":"standard","meta":{"footnotes":""},"categories":[5],"tags":[],"class_list":["post-238","post","type-post","status-publish","format-standard","hentry","category-ejecutado-politico"],"_links":{"self":[{"href":"https:\/\/interactivos.museodelamemoria.cl\/victims\/index.php?rest_route=\/wp\/v2\/posts\/238"}],"collection":[{"href":"https:\/\/interactivos.museodelamemoria.cl\/victims\/index.php?rest_route=\/wp\/v2\/posts"}],"about":[{"href":"https:\/\/interactivos.museodelamemoria.cl\/victims\/index.php?rest_route=\/wp\/v2\/types\/post"}],"author":[{"embeddable":true,"href":"https:\/\/interactivos.museodelamemoria.cl\/victims\/index.php?rest_route=\/wp\/v2\/users\/1"}],"replies":[{"embeddable":true,"href":"https:\/\/interactivos.museodelamemoria.cl\/victims\/index.php?rest_route=%2Fwp%2Fv2%2Fcomments&post=238"}],"version-history":[{"count":0,"href":"https:\/\/interactivos.museodelamemoria.cl\/victims\/index.php?rest_route=\/wp\/v2\/posts\/238\/revisions"}],"wp:attachment":[{"href":"https:\/\/interactivos.museodelamemoria.cl\/victims\/index.php?rest_route=%2Fwp%2Fv2%2Fmedia&parent=238"}],"wp:term":[{"taxonomy":"category","embeddable":true,"href":"https:\/\/interactivos.museodelamemoria.cl\/victims\/index.php?rest_route=%2Fwp%2Fv2%2Fcategories&post=238"},{"taxonomy":"post_tag","embeddable":true,"href":"https:\/\/interactivos.museodelamemoria.cl\/victims\/index.php?rest_route=%2Fwp%2Fv2%2Ftags&post=238"}],"curies":[{"name":"wp","href":"https:\/\/api.w.org\/{rel}","templated":true}]}}