{"id":2397,"date":"2013-04-01T00:00:00","date_gmt":"2013-04-01T00:00:00","guid":{"rendered":""},"modified":"2013-09-02T19:20:11","modified_gmt":"2013-09-02T19:20:11","slug":"victima-1-69","status":"publish","type":"post","link":"https:\/\/interactivos.museodelamemoria.cl\/victims\/?p=2397","title":{"rendered":"FERNANDEZ BURGOS PEDRO ANTONIO"},"content":{"rendered":"<hr class=\"wp-block-separator has-text-color has-white-color has-alpha-channel-opacity has-white-background-color has-background is-style-default\"\/><p><strong>Instancia Calificadora:<\/strong> CVR violaci\u00f3n de DDHH<\/p><p><strong>Militancia:<\/strong> Sin Militancia<\/p><p><strong>Regi\u00f3n:<\/strong> RM Metropolitana<\/p><p><strong>Ciudad:<\/strong> PE\u00d1AFLOR<\/p><p><strong>Comuna:<\/strong> PE\u00d1AFLOR<\/p><p><strong>Fecha Detenci\u00f3n\/Muerte:<\/strong> 30-10-1973<\/p><p><strong>Ocupaci\u00f3n:<\/strong> COMERCIANTE FERIA LIBRE<\/p><p><strong>Edad:<\/strong> 54<\/p>\n<hr class=\"wp-block-separator has-text-color has-white-color has-alpha-channel-opacity has-white-background-color has-background is-style-default\"\/>El 30 de octubre de 1973 fue muerto por militares Pedro Antonio FERNANDEZ BURGOS, de 54 a\u00f1os, vendedor ambulante. Ese d\u00eda su c\u00f3nyuge tuvo un incidente con una vecina. A ra\u00edz del altercado dicha vecina hizo una denuncia en Carabineros de Padre Hurtado, lugar donde se encontraba un grupo de militares. Alrededor de las 16 horas de ese d\u00eda concurrieron cuatro militares al domicilio del afectado, procediendo a detenerlo junto a su c\u00f3nyuge. Fueron trasladados a la unidad antes indicada, donde un militar les mostr\u00f3 un papel, que aparentemente era la denuncia, consult\u00e1ndoles qu\u00e9 opini\u00f3n les merec\u00eda. Sin embargo, como ninguno de los dos sab\u00eda leer, no supieron de qu\u00e9 se trataba. Ante su silencio, el militar, continu\u00f3 preguntando, alter\u00e1ndose cada vez m\u00e1s, hasta que abri\u00f3 un caj\u00f3n y extrajo un arma con la que dispar\u00f3 a Pedro Fern\u00e1ndez, en presencia de su c\u00f3nyuge. A continuaci\u00f3n lo llevaron al Hospital de Pe\u00f1aflor, lugar donde falleci\u00f3 a las 16:25 horas.\r\n\r\nLa Comisi\u00f3n, con el m\u00e9rito de las declaraciones y antecedentes recibidos, se form\u00f3 la convicci\u00f3n de que Pedro Fern\u00e1ndez fue ejecutado al margen de todo proceso por agentes estatales que obraron en abuso de poder.","protected":false},"excerpt":{"rendered":"<p>\tPedro Antonio Fern\u00e1ndez Burgos, 54 a\u00f1os, vendedor ambulante.  Muerto el 30 de octubre de 1973 en Pe\u00f1aflor.\t &hellip; <a href=\"https:\/\/interactivos.museodelamemoria.cl\/victims\/?p=2397\" class=\"more-link\"><span class=\"readmore\">Averigua m\u00e1s acerca de esta v\u00edctima&#8230;<span class=\"screen-reader-text\">FERNANDEZ BURGOS PEDRO ANTONIO<\/span><\/span><\/a><\/p>\n","protected":false},"author":1,"featured_media":0,"comment_status":"open","ping_status":"open","sticky":false,"template":"","format":"standard","meta":{"footnotes":""},"categories":[5],"tags":[],"class_list":["post-2397","post","type-post","status-publish","format-standard","hentry","category-ejecutado-politico"],"_links":{"self":[{"href":"https:\/\/interactivos.museodelamemoria.cl\/victims\/index.php?rest_route=\/wp\/v2\/posts\/2397"}],"collection":[{"href":"https:\/\/interactivos.museodelamemoria.cl\/victims\/index.php?rest_route=\/wp\/v2\/posts"}],"about":[{"href":"https:\/\/interactivos.museodelamemoria.cl\/victims\/index.php?rest_route=\/wp\/v2\/types\/post"}],"author":[{"embeddable":true,"href":"https:\/\/interactivos.museodelamemoria.cl\/victims\/index.php?rest_route=\/wp\/v2\/users\/1"}],"replies":[{"embeddable":true,"href":"https:\/\/interactivos.museodelamemoria.cl\/victims\/index.php?rest_route=%2Fwp%2Fv2%2Fcomments&post=2397"}],"version-history":[{"count":2,"href":"https:\/\/interactivos.museodelamemoria.cl\/victims\/index.php?rest_route=\/wp\/v2\/posts\/2397\/revisions"}],"predecessor-version":[{"id":3564,"href":"https:\/\/interactivos.museodelamemoria.cl\/victims\/index.php?rest_route=\/wp\/v2\/posts\/2397\/revisions\/3564"}],"wp:attachment":[{"href":"https:\/\/interactivos.museodelamemoria.cl\/victims\/index.php?rest_route=%2Fwp%2Fv2%2Fmedia&parent=2397"}],"wp:term":[{"taxonomy":"category","embeddable":true,"href":"https:\/\/interactivos.museodelamemoria.cl\/victims\/index.php?rest_route=%2Fwp%2Fv2%2Fcategories&post=2397"},{"taxonomy":"post_tag","embeddable":true,"href":"https:\/\/interactivos.museodelamemoria.cl\/victims\/index.php?rest_route=%2Fwp%2Fv2%2Ftags&post=2397"}],"curies":[{"name":"wp","href":"https:\/\/api.w.org\/{rel}","templated":true}]}}