{"id":2402,"date":"2013-04-01T00:00:00","date_gmt":"2013-04-01T00:00:00","guid":{"rendered":""},"modified":"2013-04-01T00:00:00","modified_gmt":"2013-04-01T00:00:00","slug":"victima-1","status":"publish","type":"post","link":"https:\/\/interactivos.museodelamemoria.cl\/victims\/?p=2402","title":{"rendered":"FERNANDEZ LAGOS JOSE MIGUEL"},"content":{"rendered":"<hr class=\"wp-block-separator has-text-color has-white-color has-alpha-channel-opacity has-white-background-color has-background is-style-default\"\/><p><strong>Instancia Calificadora:<\/strong> CNRR violaci\u00f3n de DDHH<\/p><p><strong>Militancia:<\/strong> Sin Militancia<\/p><p><strong>Regi\u00f3n:<\/strong> RM Metropolitana<\/p><p><strong>Ciudad:<\/strong> SANTIAGO<\/p><p><strong>Comuna:<\/strong> CONCHALI<\/p><p><strong>Fecha Detenci\u00f3n\/Muerte:<\/strong> 12-09-1973<\/p><p><strong>Ocupaci\u00f3n:<\/strong> OBRERO<\/p><p><strong>Edad:<\/strong> 22<\/p>\n<hr class=\"wp-block-separator has-text-color has-white-color has-alpha-channel-opacity has-white-background-color has-background is-style-default\"\/>\tJos\u00e9 Miguel Fern\u00e1ndez Lagos muri\u00f3 ese d\u00eda a las 23:00 horas, en el ret\u00e9n de la poblaci\u00f3n Quinta Bella, por heridas de bala facio buco cervical derecha y tor\u00e1cico cervical izquierda complicadas, seg\u00fan se consigna en el Certificado M\u00e9dico de Defunci\u00f3n del Instituto M\u00e9dico Legal.\r\n\r\nDe acuerdo con declaraciones de testigos presenciales fue detenido, alrededor de las 19:00 horas, junto con su hermano y algunos amigos por una patrulla de Carabineros en las cercan\u00edas de su domicilio, en la poblaci\u00f3n Quinta Bella. Los polic\u00edas les ordenaron correr y ellos se refugiaron en la casa de una vecina. Los uniformados derribaron la puerta de la vivienda y sacaron desde su interior a Jos\u00e9 Fern\u00e1ndez, a quien nuevamente obligaron a correr, para luego dispararle caus\u00e1ndole la muerte. \r\n\r\nSu cuerpo qued\u00f3 en la calle hasta el d\u00eda siguiente, cuando su hermano logr\u00f3 que lo llevaran al Instituto M\u00e9dico Legal.\r\n\r\nConsiderando los antecedentes reunidos y la investigaci\u00f3n realizada por esta Corporaci\u00f3n, el Consejo Superior lleg\u00f3 a la convicci\u00f3n de que Jos\u00e9 Miguel Fern\u00e1ndez Lagos fue ejecutado por agentes del Estado al margen de proceso legal, mientras estaba privado de libertad.  En tal virtud, lo declar\u00f3 v\u00edctima de violaci\u00f3n a los derechos humanos.\t","protected":false},"excerpt":{"rendered":"<p>\tJos\u00e9 Miguel Fern\u00e1ndez Lagos, 22 a\u00f1os, obrero. Muerto el 12 de septiembre de 1973 en Santiago. \t &hellip; <a href=\"https:\/\/interactivos.museodelamemoria.cl\/victims\/?p=2402\" class=\"more-link\"><span class=\"readmore\">Averigua m\u00e1s acerca de esta v\u00edctima&#8230;<span class=\"screen-reader-text\">FERNANDEZ LAGOS JOSE MIGUEL<\/span><\/span><\/a><\/p>\n","protected":false},"author":1,"featured_media":0,"comment_status":"open","ping_status":"open","sticky":false,"template":"","format":"standard","meta":{"footnotes":""},"categories":[5],"tags":[],"class_list":["post-2402","post","type-post","status-publish","format-standard","hentry","category-ejecutado-politico"],"_links":{"self":[{"href":"https:\/\/interactivos.museodelamemoria.cl\/victims\/index.php?rest_route=\/wp\/v2\/posts\/2402"}],"collection":[{"href":"https:\/\/interactivos.museodelamemoria.cl\/victims\/index.php?rest_route=\/wp\/v2\/posts"}],"about":[{"href":"https:\/\/interactivos.museodelamemoria.cl\/victims\/index.php?rest_route=\/wp\/v2\/types\/post"}],"author":[{"embeddable":true,"href":"https:\/\/interactivos.museodelamemoria.cl\/victims\/index.php?rest_route=\/wp\/v2\/users\/1"}],"replies":[{"embeddable":true,"href":"https:\/\/interactivos.museodelamemoria.cl\/victims\/index.php?rest_route=%2Fwp%2Fv2%2Fcomments&post=2402"}],"version-history":[{"count":0,"href":"https:\/\/interactivos.museodelamemoria.cl\/victims\/index.php?rest_route=\/wp\/v2\/posts\/2402\/revisions"}],"wp:attachment":[{"href":"https:\/\/interactivos.museodelamemoria.cl\/victims\/index.php?rest_route=%2Fwp%2Fv2%2Fmedia&parent=2402"}],"wp:term":[{"taxonomy":"category","embeddable":true,"href":"https:\/\/interactivos.museodelamemoria.cl\/victims\/index.php?rest_route=%2Fwp%2Fv2%2Fcategories&post=2402"},{"taxonomy":"post_tag","embeddable":true,"href":"https:\/\/interactivos.museodelamemoria.cl\/victims\/index.php?rest_route=%2Fwp%2Fv2%2Ftags&post=2402"}],"curies":[{"name":"wp","href":"https:\/\/api.w.org\/{rel}","templated":true}]}}