{"id":2497,"date":"2013-04-01T00:00:00","date_gmt":"2013-04-01T00:00:00","guid":{"rendered":""},"modified":"2013-04-01T00:00:00","modified_gmt":"2013-04-01T00:00:00","slug":"victima-1","status":"publish","type":"post","link":"https:\/\/interactivos.museodelamemoria.cl\/victims\/?p=2497","title":{"rendered":"PINCHEIRA ARMIJO HECTOR"},"content":{"rendered":"<hr class=\"wp-block-separator has-text-color has-white-color has-alpha-channel-opacity has-white-background-color has-background is-style-default\"\/><p><strong>Instancia Calificadora:<\/strong> CVR violaci\u00f3n de DDHH<\/p><p><strong>Militancia:<\/strong> Sin Militancia<\/p><p><strong>Regi\u00f3n:<\/strong> RM Metropolitana<\/p><p><strong>Ciudad:<\/strong> SANTIAGO<\/p><p><strong>Comuna:<\/strong> SAN MIGUEL<\/p><p><strong>Fecha Detenci\u00f3n\/Muerte:<\/strong> 29-09-1989<\/p><p><strong>Ocupaci\u00f3n:<\/strong> CABO 2\u00ba CARABINEROS<\/p><p><strong>Edad:<\/strong> 30<\/p>\n<hr class=\"wp-block-separator has-text-color has-white-color has-alpha-channel-opacity has-white-background-color has-background is-style-default\"\/>\tEl 29 de septiembre de 1989, falleci\u00f3 H\u00e9ctor PINCHEIRA ARMIJO, de 30 a\u00f1os, Cabo 2\u00ba de Carabineros perteneciente a la dotaci\u00f3n de la 42\u00ba Comisar\u00eda de Radiopatrullas, en un atentado ocurrido en la comuna de San Miguel.\r\n\r\nEn horas de la noche del 29 de septiembre, el afectado junto a otros funcionarios uniformados, se movilizaban en un furg\u00f3n institucional, para investigar una denuncia respecto a un hecho delictivo.  Cuando el veh\u00edculo policial se desplazaba por calle Angamos, fue adelantado por una camioneta desde la cual varios individuos comenzaron a disparar en contra del furg\u00f3n.  A consecuencia del tiroteo el, afectado recibi\u00f3 dos impactos de bala, seg\u00fan se\u00f1ala el informe de autopsia.  Falleci\u00f3 en el Hospital Barros Luco, lo que consta en el certificado de defunci\u00f3n.  En el hecho qued\u00f3 herido otro funcionario policial y dos transe\u00fantes.\r\n\r\nLos antecedentes examinados revelan que:\r\n\r\nEl ataque contra los carabineros persegu\u00eda objetivos pol\u00edticos;\r\n\r\nEl hecho fue cometido sorpresivamente y sin posibilidad de defensa, cuando los carabineros realizaban funciones leg\u00edtimas de control de orden p\u00fablico.\r\n\r\nEsta Comisi\u00f3n se form\u00f3 convicci\u00f3n respecto a que el Cabo 2\u00ba de Carabineros H\u00e9ctor Pincheira Armijo, fue v\u00edctima de violaci\u00f3n de sus derechos humanos por parte de particulares que actuaron por motivos pol\u00edticos.\t","protected":false},"excerpt":{"rendered":"<p>\tH\u00e9ctor Pincheira Armijo, 30 a\u00f1os, Cabo 2\u00ba de Carabineros. Muerto el 29 de septiembre de 1989 en Santiago.\t &hellip; <a href=\"https:\/\/interactivos.museodelamemoria.cl\/victims\/?p=2497\" class=\"more-link\"><span class=\"readmore\">Averigua m\u00e1s acerca de esta v\u00edctima&#8230;<span class=\"screen-reader-text\">PINCHEIRA ARMIJO HECTOR<\/span><\/span><\/a><\/p>\n","protected":false},"author":1,"featured_media":0,"comment_status":"open","ping_status":"open","sticky":false,"template":"","format":"standard","meta":{"footnotes":""},"categories":[5],"tags":[],"class_list":["post-2497","post","type-post","status-publish","format-standard","hentry","category-ejecutado-politico"],"_links":{"self":[{"href":"https:\/\/interactivos.museodelamemoria.cl\/victims\/index.php?rest_route=\/wp\/v2\/posts\/2497"}],"collection":[{"href":"https:\/\/interactivos.museodelamemoria.cl\/victims\/index.php?rest_route=\/wp\/v2\/posts"}],"about":[{"href":"https:\/\/interactivos.museodelamemoria.cl\/victims\/index.php?rest_route=\/wp\/v2\/types\/post"}],"author":[{"embeddable":true,"href":"https:\/\/interactivos.museodelamemoria.cl\/victims\/index.php?rest_route=\/wp\/v2\/users\/1"}],"replies":[{"embeddable":true,"href":"https:\/\/interactivos.museodelamemoria.cl\/victims\/index.php?rest_route=%2Fwp%2Fv2%2Fcomments&post=2497"}],"version-history":[{"count":0,"href":"https:\/\/interactivos.museodelamemoria.cl\/victims\/index.php?rest_route=\/wp\/v2\/posts\/2497\/revisions"}],"wp:attachment":[{"href":"https:\/\/interactivos.museodelamemoria.cl\/victims\/index.php?rest_route=%2Fwp%2Fv2%2Fmedia&parent=2497"}],"wp:term":[{"taxonomy":"category","embeddable":true,"href":"https:\/\/interactivos.museodelamemoria.cl\/victims\/index.php?rest_route=%2Fwp%2Fv2%2Fcategories&post=2497"},{"taxonomy":"post_tag","embeddable":true,"href":"https:\/\/interactivos.museodelamemoria.cl\/victims\/index.php?rest_route=%2Fwp%2Fv2%2Ftags&post=2497"}],"curies":[{"name":"wp","href":"https:\/\/api.w.org\/{rel}","templated":true}]}}