{"id":2504,"date":"2013-04-01T00:00:00","date_gmt":"2013-04-01T00:00:00","guid":{"rendered":""},"modified":"2013-04-01T00:00:00","modified_gmt":"2013-04-01T00:00:00","slug":"victima-1","status":"publish","type":"post","link":"https:\/\/interactivos.museodelamemoria.cl\/victims\/?p=2504","title":{"rendered":"PUENTES ORIA MANUEL ALFREDO"},"content":{"rendered":"<hr class=\"wp-block-separator has-text-color has-white-color has-alpha-channel-opacity has-white-background-color has-background is-style-default\"\/><p><strong>Instancia Calificadora:<\/strong> CNRR violaci\u00f3n de DDHH<\/p><p><strong>Militancia:<\/strong> Sin Militancia<\/p><p><strong>Regi\u00f3n:<\/strong> RM Metropolitana<\/p><p><strong>Ciudad:<\/strong> SANTIAGO<\/p><p><strong>Comuna:<\/strong> PUDAHUEL<\/p><p><strong>Fecha Detenci\u00f3n\/Muerte:<\/strong> 14-06-1986<\/p><p><strong>Ocupaci\u00f3n:<\/strong> OBRERO<\/p><p><strong>Edad:<\/strong> 27<\/p>\n<hr class=\"wp-block-separator has-text-color has-white-color has-alpha-channel-opacity has-white-background-color has-background is-style-default\"\/>\tManuel Alfredo Puentes Oria muri\u00f3 ese d\u00eda a las 23:45 horas, en Diagonal Norte con Begonia, por traumatismo pulmonar derecho por bala con salida de proyectil, como acredita el Certificado M\u00e9dico de Defunci\u00f3n suscrito por un m\u00e9dico legista y por el Protocolo de Autopsia. \r\n\r\nDe acuerdo con las declaraciones de testigos, el d\u00eda de los hechos, alrededor de las 23:00 horas, Manuel Puentes se encontraba en la v\u00eda p\u00fablica en la comuna de Pudahuel, cuando se involucr\u00f3 en un altercado con dos  hombres y  dos  mujeres.  Los hombres resultaron ser  carabineros de la dotaci\u00f3n de la Comisar\u00eda Teniente Hern\u00e1n Merino Correa.  Uno de ellos sac\u00f3 un arma particular, que no se encontraba regularmente inscrita, y le dispar\u00f3 a quemarropa, provoc\u00e1ndole la muerte.  \r\n\r\nConsiderando los antecedentes reunidos, el Consejo Superior estim\u00f3 que la muerte de Manuel Alfredo Puentes Oria se debi\u00f3 a un abuso de poder cometido por un agente del Estado, quien actu\u00f3 impunemente y al margen de sus funciones.  Por ese motivo, lo declar\u00f3 v\u00edctima de violaci\u00f3n de derechos humanos.\t","protected":false},"excerpt":{"rendered":"<p>\tManuel Alfredo Puentes Oria, 27 a\u00f1os,  trabajador. Muerto el 14 de junio de 1986 en Santiago.\t &hellip; <a href=\"https:\/\/interactivos.museodelamemoria.cl\/victims\/?p=2504\" class=\"more-link\"><span class=\"readmore\">Averigua m\u00e1s acerca de esta v\u00edctima&#8230;<span class=\"screen-reader-text\">PUENTES ORIA MANUEL ALFREDO<\/span><\/span><\/a><\/p>\n","protected":false},"author":1,"featured_media":0,"comment_status":"open","ping_status":"open","sticky":false,"template":"","format":"standard","meta":{"footnotes":""},"categories":[5],"tags":[],"class_list":["post-2504","post","type-post","status-publish","format-standard","hentry","category-ejecutado-politico"],"_links":{"self":[{"href":"https:\/\/interactivos.museodelamemoria.cl\/victims\/index.php?rest_route=\/wp\/v2\/posts\/2504"}],"collection":[{"href":"https:\/\/interactivos.museodelamemoria.cl\/victims\/index.php?rest_route=\/wp\/v2\/posts"}],"about":[{"href":"https:\/\/interactivos.museodelamemoria.cl\/victims\/index.php?rest_route=\/wp\/v2\/types\/post"}],"author":[{"embeddable":true,"href":"https:\/\/interactivos.museodelamemoria.cl\/victims\/index.php?rest_route=\/wp\/v2\/users\/1"}],"replies":[{"embeddable":true,"href":"https:\/\/interactivos.museodelamemoria.cl\/victims\/index.php?rest_route=%2Fwp%2Fv2%2Fcomments&post=2504"}],"version-history":[{"count":0,"href":"https:\/\/interactivos.museodelamemoria.cl\/victims\/index.php?rest_route=\/wp\/v2\/posts\/2504\/revisions"}],"wp:attachment":[{"href":"https:\/\/interactivos.museodelamemoria.cl\/victims\/index.php?rest_route=%2Fwp%2Fv2%2Fmedia&parent=2504"}],"wp:term":[{"taxonomy":"category","embeddable":true,"href":"https:\/\/interactivos.museodelamemoria.cl\/victims\/index.php?rest_route=%2Fwp%2Fv2%2Fcategories&post=2504"},{"taxonomy":"post_tag","embeddable":true,"href":"https:\/\/interactivos.museodelamemoria.cl\/victims\/index.php?rest_route=%2Fwp%2Fv2%2Ftags&post=2504"}],"curies":[{"name":"wp","href":"https:\/\/api.w.org\/{rel}","templated":true}]}}