{"id":2549,"date":"2013-04-01T00:00:00","date_gmt":"2013-04-01T00:00:00","guid":{"rendered":""},"modified":"2013-04-01T00:00:00","modified_gmt":"2013-04-01T00:00:00","slug":"victima-1","status":"publish","type":"post","link":"https:\/\/interactivos.museodelamemoria.cl\/victims\/?p=2549","title":{"rendered":"RODRIGUEZ ALCAINO GABRIEL GREGORIO"},"content":{"rendered":"<hr class=\"wp-block-separator has-text-color has-white-color has-alpha-channel-opacity has-white-background-color has-background is-style-default\"\/><p><strong>Instancia Calificadora:<\/strong> CVR violaci\u00f3n de DDHH<\/p><p><strong>Militancia:<\/strong> Sin Militancia<\/p><p><strong>Regi\u00f3n:<\/strong> RM Metropolitana<\/p><p><strong>Ciudad:<\/strong> SANTIAGO<\/p><p><strong>Comuna:<\/strong> SAN MIGUEL<\/p><p><strong>Fecha Detenci\u00f3n\/Muerte:<\/strong> 03-04-1975<\/p><p><strong>Ocupaci\u00f3n:<\/strong> CHOFER INVESTIGACIONES<\/p><p><strong>Edad:<\/strong> 31<\/p>\n<hr class=\"wp-block-separator has-text-color has-white-color has-alpha-channel-opacity has-white-background-color has-background is-style-default\"\/>\tEl 2 de abril de 1975, falleci\u00f3 Gabriel RODRIGUEZ ALCAINO, de 31 a\u00f1os de edad, chofer de la Brigada de Homicidios de la Polic\u00eda de Investigaciones. Antecedentes en poder de la comisi\u00f3n indican que su muerte se produjo en circunstancias que este funcionario intent\u00f3 detener a un grupo de militantes del Movimiento de Izquierda Revolucionaria (MIR) que pintaban un muro con consignas contrarias al Gobierno Militar en la Avenida Fern\u00e1ndez Albano, Villa Santa Isabel, La Cisterna.  El afectado recibi\u00f3 un \u00abimpacto de bala t\u00f3raco abdominal con compromiso visceral y salida de proyectil\u00bb, que le caus\u00f3 la muerte mientras era intervenido quir\u00fargicamente en el Hospital Barros Luco.\r\n\r\nEsta Comisi\u00f3n se form\u00f3 la convicci\u00f3n que el Detective Gabriel Rodr\u00edguez muri\u00f3 v\u00edctima de una violaci\u00f3n de los derechos humanos, de responsabilidad de militantes del MIR que atentaron contra su vida.\t","protected":false},"excerpt":{"rendered":"<p>\tGabriel Gregorio Rodr\u00edguez Alca\u00edno, 31 a\u00f1os, chofer de la Brigada de Homicidios de la Polic\u00eda de Investigaciones. Muerto el 3 de abril de 1975 en Santiago.\t &hellip; <a href=\"https:\/\/interactivos.museodelamemoria.cl\/victims\/?p=2549\" class=\"more-link\"><span class=\"readmore\">Averigua m\u00e1s acerca de esta v\u00edctima&#8230;<span class=\"screen-reader-text\">RODRIGUEZ ALCAINO GABRIEL GREGORIO<\/span><\/span><\/a><\/p>\n","protected":false},"author":1,"featured_media":0,"comment_status":"open","ping_status":"open","sticky":false,"template":"","format":"standard","meta":{"footnotes":""},"categories":[5],"tags":[],"class_list":["post-2549","post","type-post","status-publish","format-standard","hentry","category-ejecutado-politico"],"_links":{"self":[{"href":"https:\/\/interactivos.museodelamemoria.cl\/victims\/index.php?rest_route=\/wp\/v2\/posts\/2549"}],"collection":[{"href":"https:\/\/interactivos.museodelamemoria.cl\/victims\/index.php?rest_route=\/wp\/v2\/posts"}],"about":[{"href":"https:\/\/interactivos.museodelamemoria.cl\/victims\/index.php?rest_route=\/wp\/v2\/types\/post"}],"author":[{"embeddable":true,"href":"https:\/\/interactivos.museodelamemoria.cl\/victims\/index.php?rest_route=\/wp\/v2\/users\/1"}],"replies":[{"embeddable":true,"href":"https:\/\/interactivos.museodelamemoria.cl\/victims\/index.php?rest_route=%2Fwp%2Fv2%2Fcomments&post=2549"}],"version-history":[{"count":0,"href":"https:\/\/interactivos.museodelamemoria.cl\/victims\/index.php?rest_route=\/wp\/v2\/posts\/2549\/revisions"}],"wp:attachment":[{"href":"https:\/\/interactivos.museodelamemoria.cl\/victims\/index.php?rest_route=%2Fwp%2Fv2%2Fmedia&parent=2549"}],"wp:term":[{"taxonomy":"category","embeddable":true,"href":"https:\/\/interactivos.museodelamemoria.cl\/victims\/index.php?rest_route=%2Fwp%2Fv2%2Fcategories&post=2549"},{"taxonomy":"post_tag","embeddable":true,"href":"https:\/\/interactivos.museodelamemoria.cl\/victims\/index.php?rest_route=%2Fwp%2Fv2%2Ftags&post=2549"}],"curies":[{"name":"wp","href":"https:\/\/api.w.org\/{rel}","templated":true}]}}