{"id":2554,"date":"2013-04-01T00:00:00","date_gmt":"2013-04-01T00:00:00","guid":{"rendered":""},"modified":"2013-04-01T00:00:00","modified_gmt":"2013-04-01T00:00:00","slug":"victima-1","status":"publish","type":"post","link":"https:\/\/interactivos.museodelamemoria.cl\/victims\/?p=2554","title":{"rendered":"AMPUERO GOMEZ JUAN CARLOS"},"content":{"rendered":"<hr class=\"wp-block-separator has-text-color has-white-color has-alpha-channel-opacity has-white-background-color has-background is-style-default\"\/><p><strong>Instancia Calificadora:<\/strong> CVR violaci\u00f3n de DDHH<\/p><p><strong>Militancia:<\/strong> PC<\/p><p><strong>Regi\u00f3n:<\/strong> RM Metropolitana<\/p><p><strong>Ciudad:<\/strong> SANTIAGO<\/p><p><strong>Comuna:<\/strong> MAIPU<\/p><p><strong>Fecha Detenci\u00f3n\/Muerte:<\/strong> 17-10-1973<\/p><p><strong>Ocupaci\u00f3n:<\/strong> EMPLEADO<\/p><p><strong>Edad:<\/strong> 26<\/p>\n<hr class=\"wp-block-separator has-text-color has-white-color has-alpha-channel-opacity has-white-background-color has-background is-style-default\"\/>\tEl d\u00eda 17 de octubre de 1973 muere Juan Carlos AMPUERO GOMEZ, 26 a\u00f1os, empleado, militante comunista.\r\n\r\nEl afectado fue detenido ese mismo d\u00eda por una patrulla militar y conducido al Estadio Nacional, lugar donde seg\u00fan testimonios, habr\u00eda sido ejecutado.  \r\n\r\nPese a que a la familia no le entregaron el cuerpo, se le otorg\u00f3 un certificado de defunci\u00f3n que da como causa de su muerte, \u00abherida de bala tor\u00e1cica con salida de proyectil\u00bb y como data de la misma el d\u00eda 17 de octubre.  Se le informa que su cuerpo est\u00e1 enterrado en el patio 29 del Cementerio General.  \r\n\r\nEstando acreditada la detenci\u00f3n y reclusi\u00f3n de la v\u00edctima a trav\u00e9s de testigos; considerando la causa de su muerte; que \u00e9sta se produce dos d\u00edas despu\u00e9s de la detenci\u00f3n; y la militancia pol\u00edtica del afectado, esta Comisi\u00f3n se ha formado convicci\u00f3n de que Juan Carlos Ampuero fue ejecutado por agentes del Estado, en un acto de grave violaci\u00f3n a los derechos humanos.\t","protected":false},"excerpt":{"rendered":"<p>\tJuan Carlos Ampuero G\u00f3mez, 26 a\u00f1os, empleado, militante del Partido Comunista. Muerto el 17 de octubre de 1973 en Santiago.\t &hellip; <a href=\"https:\/\/interactivos.museodelamemoria.cl\/victims\/?p=2554\" class=\"more-link\"><span class=\"readmore\">Averigua m\u00e1s acerca de esta v\u00edctima&#8230;<span class=\"screen-reader-text\">AMPUERO GOMEZ JUAN CARLOS<\/span><\/span><\/a><\/p>\n","protected":false},"author":1,"featured_media":0,"comment_status":"open","ping_status":"open","sticky":false,"template":"","format":"standard","meta":{"footnotes":""},"categories":[5],"tags":[],"class_list":["post-2554","post","type-post","status-publish","format-standard","hentry","category-ejecutado-politico"],"_links":{"self":[{"href":"https:\/\/interactivos.museodelamemoria.cl\/victims\/index.php?rest_route=\/wp\/v2\/posts\/2554"}],"collection":[{"href":"https:\/\/interactivos.museodelamemoria.cl\/victims\/index.php?rest_route=\/wp\/v2\/posts"}],"about":[{"href":"https:\/\/interactivos.museodelamemoria.cl\/victims\/index.php?rest_route=\/wp\/v2\/types\/post"}],"author":[{"embeddable":true,"href":"https:\/\/interactivos.museodelamemoria.cl\/victims\/index.php?rest_route=\/wp\/v2\/users\/1"}],"replies":[{"embeddable":true,"href":"https:\/\/interactivos.museodelamemoria.cl\/victims\/index.php?rest_route=%2Fwp%2Fv2%2Fcomments&post=2554"}],"version-history":[{"count":0,"href":"https:\/\/interactivos.museodelamemoria.cl\/victims\/index.php?rest_route=\/wp\/v2\/posts\/2554\/revisions"}],"wp:attachment":[{"href":"https:\/\/interactivos.museodelamemoria.cl\/victims\/index.php?rest_route=%2Fwp%2Fv2%2Fmedia&parent=2554"}],"wp:term":[{"taxonomy":"category","embeddable":true,"href":"https:\/\/interactivos.museodelamemoria.cl\/victims\/index.php?rest_route=%2Fwp%2Fv2%2Fcategories&post=2554"},{"taxonomy":"post_tag","embeddable":true,"href":"https:\/\/interactivos.museodelamemoria.cl\/victims\/index.php?rest_route=%2Fwp%2Fv2%2Ftags&post=2554"}],"curies":[{"name":"wp","href":"https:\/\/api.w.org\/{rel}","templated":true}]}}