{"id":2570,"date":"2013-04-01T00:00:00","date_gmt":"2013-04-01T00:00:00","guid":{"rendered":""},"modified":"2013-04-01T00:00:00","modified_gmt":"2013-04-01T00:00:00","slug":"victima-1","status":"publish","type":"post","link":"https:\/\/interactivos.museodelamemoria.cl\/victims\/?p=2570","title":{"rendered":"RODRIGUEZ MU\u00d1OZ MANUEL JESUS"},"content":{"rendered":"<hr class=\"wp-block-separator has-text-color has-white-color has-alpha-channel-opacity has-white-background-color has-background is-style-default\"\/><p><strong>Instancia Calificadora:<\/strong> CVR violaci\u00f3n de DDHH<\/p><p><strong>Militancia:<\/strong> Sin Militancia<\/p><p><strong>Regi\u00f3n:<\/strong> RM Metropolitana<\/p><p><strong>Ciudad:<\/strong> SANTIAGO<\/p><p><strong>Comuna:<\/strong> SAN MIGUEL<\/p><p><strong>Fecha Detenci\u00f3n\/Muerte:<\/strong> 03-08-1987<\/p><p><strong>Ocupaci\u00f3n:<\/strong> DETECTIVE<\/p><p><strong>Edad:<\/strong> 26<\/p>\n<hr class=\"wp-block-separator has-text-color has-white-color has-alpha-channel-opacity has-white-background-color has-background is-style-default\"\/>\tEl 3 de agosto de 1987, fallece Jes\u00fas RODRIGUEZ MU\u00d1OZ, de 26 a\u00f1os de edad, detective perteneciente a la dotaci\u00f3n de la 14\u00aa Comisar\u00eda de Investigaciones de La Cisterna.\r\n\r\nEse d\u00eda el detective Rodr\u00edguez Mu\u00f1oz realizaba un patrullaje preventivo en la Avenida  Las Industrias con Departamental, comuna de La Cisterna.  Hab\u00eda sido llamado por el robo de una bencinera.  Cuando lleg\u00f3 en la patrullera a ese lugar, junto a otros dos detectives, intentando interrogar a tres sospechosos, \u00e9stos respondieron con armas autom\u00e1ticas, dejando gravemente herido al afectado.  Este falleci\u00f3 momentos despu\u00e9s en el Hospital Barros Luco, seg\u00fan indica el certificado de defunci\u00f3n.\r\n\r\nLa Comisi\u00f3n, sobre la base de los antecedentes examinados, concluy\u00f3 que:\r\n\r\nLa v\u00edctima estaba cumpliendo funciones propias de su instituci\u00f3n al momento de los hechos;\r\n\r\nLos sujetos que le dispararon pertenec\u00edan al Frente Patri\u00f3tico Manuel Rodr\u00edguez (FPMR).\r\n\r\nLa Comisi\u00f3n se form\u00f3 convicci\u00f3n que el detective Jes\u00fas Rodr\u00edguez fue v\u00edctima de una violaci\u00f3n de sus derechos humanos por parte de miembros del Frente Patri\u00f3tico Manuel Rodr\u00edguez (FPMR).\t","protected":false},"excerpt":{"rendered":"<p>\tManuel Jes\u00fas Rodr\u00edguez Mu\u00f1oz, 26 a\u00f1os de edad, detective. Muerto el 3 de agosto de 1987 en Santiago.\t &hellip; <a href=\"https:\/\/interactivos.museodelamemoria.cl\/victims\/?p=2570\" class=\"more-link\"><span class=\"readmore\">Averigua m\u00e1s acerca de esta v\u00edctima&#8230;<span class=\"screen-reader-text\">RODRIGUEZ MU\u00d1OZ MANUEL JESUS<\/span><\/span><\/a><\/p>\n","protected":false},"author":1,"featured_media":0,"comment_status":"open","ping_status":"open","sticky":false,"template":"","format":"standard","meta":{"footnotes":""},"categories":[5],"tags":[],"class_list":["post-2570","post","type-post","status-publish","format-standard","hentry","category-ejecutado-politico"],"_links":{"self":[{"href":"https:\/\/interactivos.museodelamemoria.cl\/victims\/index.php?rest_route=\/wp\/v2\/posts\/2570"}],"collection":[{"href":"https:\/\/interactivos.museodelamemoria.cl\/victims\/index.php?rest_route=\/wp\/v2\/posts"}],"about":[{"href":"https:\/\/interactivos.museodelamemoria.cl\/victims\/index.php?rest_route=\/wp\/v2\/types\/post"}],"author":[{"embeddable":true,"href":"https:\/\/interactivos.museodelamemoria.cl\/victims\/index.php?rest_route=\/wp\/v2\/users\/1"}],"replies":[{"embeddable":true,"href":"https:\/\/interactivos.museodelamemoria.cl\/victims\/index.php?rest_route=%2Fwp%2Fv2%2Fcomments&post=2570"}],"version-history":[{"count":0,"href":"https:\/\/interactivos.museodelamemoria.cl\/victims\/index.php?rest_route=\/wp\/v2\/posts\/2570\/revisions"}],"wp:attachment":[{"href":"https:\/\/interactivos.museodelamemoria.cl\/victims\/index.php?rest_route=%2Fwp%2Fv2%2Fmedia&parent=2570"}],"wp:term":[{"taxonomy":"category","embeddable":true,"href":"https:\/\/interactivos.museodelamemoria.cl\/victims\/index.php?rest_route=%2Fwp%2Fv2%2Fcategories&post=2570"},{"taxonomy":"post_tag","embeddable":true,"href":"https:\/\/interactivos.museodelamemoria.cl\/victims\/index.php?rest_route=%2Fwp%2Fv2%2Ftags&post=2570"}],"curies":[{"name":"wp","href":"https:\/\/api.w.org\/{rel}","templated":true}]}}