{"id":2586,"date":"2013-04-01T00:00:00","date_gmt":"2013-04-01T00:00:00","guid":{"rendered":""},"modified":"2013-04-01T00:00:00","modified_gmt":"2013-04-01T00:00:00","slug":"victima-1","status":"publish","type":"post","link":"https:\/\/interactivos.museodelamemoria.cl\/victims\/?p=2586","title":{"rendered":"YA\u00d1EZ HERNANDEZ DOMINGO SALVADOR"},"content":{"rendered":"<hr class=\"wp-block-separator has-text-color has-white-color has-alpha-channel-opacity has-white-background-color has-background is-style-default\"\/><p><strong>Instancia Calificadora:<\/strong> CVR violencia pol\u00edtica<\/p><p><strong>Militancia:<\/strong> Sin Militancia<\/p><p><strong>Regi\u00f3n:<\/strong> RM Metropolitana<\/p><p><strong>Ciudad:<\/strong> SANTIAGO<\/p><p><strong>Comuna:<\/strong> PE\u00d1ALOLEN<\/p><p><strong>Fecha Detenci\u00f3n\/Muerte:<\/strong> 05-09-1985<\/p><p><strong>Ocupaci\u00f3n:<\/strong> PINTOR<\/p><p><strong>Edad:<\/strong> 29<\/p>\n<hr class=\"wp-block-separator has-text-color has-white-color has-alpha-channel-opacity has-white-background-color has-background is-style-default\"\/>\tEl d\u00eda 4 de septiembre de 1985 en las manifestaciones relativas a la D\u00e9cimo Cuarta Jornada de Protesta Nacional murieron diez personas: [\u2026]\r\nDomingo Salvador YA\u00d1EZ HERNANDEZ, de 29 a\u00f1os de edad, trabajaba como tramoyista.  La noche del 5 de septiembre se encontraba en la intersecci\u00f3n de calles San Luis de Macul y Principal (Santiago) cuando fue impactado por una bala.\r\nVersiones de testigos dan cuenta del car\u00e1cter sumamente complejo de la situaci\u00f3n, constat\u00e1ndose que hab\u00eda numerosas barricadas que cortaban el tr\u00e1nsito; la luz hab\u00eda sido apagada mediante el lanzamiento de cadenas a los transformadores; y hubo tiroteos con armas de fuego.  La Comisi\u00f3n no conoci\u00f3 antecedentes suficientes para dilucidar las reales circunstancias en que acaecieron los hechos ni el origen exacto del disparo mortal.  Con todo, por los antecedentes expuestos la Comisi\u00f3n se form\u00f3 la convicci\u00f3n que Domingo Salvador Y\u00e1\u00f1ez fue v\u00edctima de la violencia pol\u00edtica existente en el lugar.\r\n\t","protected":false},"excerpt":{"rendered":"<p>\tDomingo Salvador Ya\u00f1ez Hern\u00e1ndez, 29 a\u00f1os, pintor. Muerto el 5 de septiembre de 1985 en Santiago.\t &hellip; <a href=\"https:\/\/interactivos.museodelamemoria.cl\/victims\/?p=2586\" class=\"more-link\"><span class=\"readmore\">Averigua m\u00e1s acerca de esta v\u00edctima&#8230;<span class=\"screen-reader-text\">YA\u00d1EZ HERNANDEZ DOMINGO SALVADOR<\/span><\/span><\/a><\/p>\n","protected":false},"author":1,"featured_media":0,"comment_status":"open","ping_status":"open","sticky":false,"template":"","format":"standard","meta":{"footnotes":""},"categories":[5],"tags":[],"class_list":["post-2586","post","type-post","status-publish","format-standard","hentry","category-ejecutado-politico"],"_links":{"self":[{"href":"https:\/\/interactivos.museodelamemoria.cl\/victims\/index.php?rest_route=\/wp\/v2\/posts\/2586"}],"collection":[{"href":"https:\/\/interactivos.museodelamemoria.cl\/victims\/index.php?rest_route=\/wp\/v2\/posts"}],"about":[{"href":"https:\/\/interactivos.museodelamemoria.cl\/victims\/index.php?rest_route=\/wp\/v2\/types\/post"}],"author":[{"embeddable":true,"href":"https:\/\/interactivos.museodelamemoria.cl\/victims\/index.php?rest_route=\/wp\/v2\/users\/1"}],"replies":[{"embeddable":true,"href":"https:\/\/interactivos.museodelamemoria.cl\/victims\/index.php?rest_route=%2Fwp%2Fv2%2Fcomments&post=2586"}],"version-history":[{"count":0,"href":"https:\/\/interactivos.museodelamemoria.cl\/victims\/index.php?rest_route=\/wp\/v2\/posts\/2586\/revisions"}],"wp:attachment":[{"href":"https:\/\/interactivos.museodelamemoria.cl\/victims\/index.php?rest_route=%2Fwp%2Fv2%2Fmedia&parent=2586"}],"wp:term":[{"taxonomy":"category","embeddable":true,"href":"https:\/\/interactivos.museodelamemoria.cl\/victims\/index.php?rest_route=%2Fwp%2Fv2%2Fcategories&post=2586"},{"taxonomy":"post_tag","embeddable":true,"href":"https:\/\/interactivos.museodelamemoria.cl\/victims\/index.php?rest_route=%2Fwp%2Fv2%2Ftags&post=2586"}],"curies":[{"name":"wp","href":"https:\/\/api.w.org\/{rel}","templated":true}]}}