{"id":2593,"date":"2013-04-01T00:00:00","date_gmt":"2013-04-01T00:00:00","guid":{"rendered":""},"modified":"2013-04-01T00:00:00","modified_gmt":"2013-04-01T00:00:00","slug":"victima-1","status":"publish","type":"post","link":"https:\/\/interactivos.museodelamemoria.cl\/victims\/?p=2593","title":{"rendered":"VILLASE\u00d1OR JARA JUAN ANTONIO"},"content":{"rendered":"<hr class=\"wp-block-separator has-text-color has-white-color has-alpha-channel-opacity has-white-background-color has-background is-style-default\"\/><p><strong>Instancia Calificadora:<\/strong> CVR violaci\u00f3n de DDHH<\/p><p><strong>Militancia:<\/strong> DC<\/p><p><strong>Regi\u00f3n:<\/strong> VII Maule<\/p><p><strong>Ciudad:<\/strong> CAUQUENES<\/p><p><strong>Comuna:<\/strong> <\/p><p><strong>Fecha Detenci\u00f3n\/Muerte:<\/strong> 21-11-1973<\/p><p><strong>Ocupaci\u00f3n:<\/strong> BUZO<\/p><p><strong>Edad:<\/strong> 37<\/p>\n<hr class=\"wp-block-separator has-text-color has-white-color has-alpha-channel-opacity has-white-background-color has-background is-style-default\"\/>\tEn las cercan\u00edas de Chanco, en la localidad de Curanipe, el 21 de noviembre de 1973 muere Juan Antonio VILLASE\u00d1OR JARA, 37 a\u00f1os, buzo submarino, militante del Partido Dem\u00f3crata Cristiano.  \r\n\r\nSeg\u00fan la versi\u00f3n oficial entregada al Juez de Chanco, en el parte N\u00ba 27 de la 2\u00aa Comisar\u00eda de Carabineros, su muerte ocurri\u00f3 en circunstancias que Juan Villase\u00f1or conduc\u00eda su veh\u00edculo sin luces, en horas de toque de queda.  No habiendo respetado la orden de alto, habr\u00eda lanzado el autom\u00f3vil contra los efectivos militares, qui\u00e9nes luego de conminarlo a detenerse con un disparo al aire, lo impactan en la cabeza, caus\u00e1ndole la muerte.  Se insin\u00faa en dicho parte policial que el afectado estaba ebrio.  \r\n\r\nDe acuerdo a lo investigado por la Comisi\u00f3n se pudo establecer lo siguiente:\r\n\r\nPor la ma\u00f1ana del mismo d\u00eda de su muerte Juan Villase\u00f1or y un amigo tuvieron un incidente con algunos conscriptos de la zona.  Horas despu\u00e9s lo alcanzaron los miembros de la patrulla, qui\u00e9nes tra\u00edan detenido a su amigo.  Estos, al ver el veh\u00edculo de Villase\u00f1or proceden a dispararle varias veces, hasta que lo impactan.  En la investigaci\u00f3n judicial, qued\u00f3 establecido por declaraciones de testigos presenciales, que los efectivos militares buscaban a la v\u00edctima desde antes de su muerte; que el veh\u00edculo de Villase\u00f1or tiene varios impactos de bala; que la v\u00edctima de acuerdo al informe de autopsia no estaba ebrio, y que uno de los militares admite haber reconocido el veh\u00edculo del afectado antes de producirse los disparos.\r\n\r\nDe acuerdo a estos antecedentes la Comisi\u00f3n se ha formado convicci\u00f3n que Juan Villase\u00f1or es v\u00edctima de una violaci\u00f3n de los derechos humanos por agentes del Estado, quienes abusando de su poder le dieron muerte.\t","protected":false},"excerpt":{"rendered":"<p>\tJuan Antonio Villase\u00f1or Jara, 37 a\u00f1os,  buzo submarino, militante del Partido  Democrata Cristiano. Muerto el 21 de noviembre de 1973 en Cauquenes.\t &hellip; <a href=\"https:\/\/interactivos.museodelamemoria.cl\/victims\/?p=2593\" class=\"more-link\"><span class=\"readmore\">Averigua m\u00e1s acerca de esta v\u00edctima&#8230;<span class=\"screen-reader-text\">VILLASE\u00d1OR JARA JUAN ANTONIO<\/span><\/span><\/a><\/p>\n","protected":false},"author":1,"featured_media":0,"comment_status":"open","ping_status":"open","sticky":false,"template":"","format":"standard","meta":{"footnotes":""},"categories":[5],"tags":[],"class_list":["post-2593","post","type-post","status-publish","format-standard","hentry","category-ejecutado-politico"],"_links":{"self":[{"href":"https:\/\/interactivos.museodelamemoria.cl\/victims\/index.php?rest_route=\/wp\/v2\/posts\/2593"}],"collection":[{"href":"https:\/\/interactivos.museodelamemoria.cl\/victims\/index.php?rest_route=\/wp\/v2\/posts"}],"about":[{"href":"https:\/\/interactivos.museodelamemoria.cl\/victims\/index.php?rest_route=\/wp\/v2\/types\/post"}],"author":[{"embeddable":true,"href":"https:\/\/interactivos.museodelamemoria.cl\/victims\/index.php?rest_route=\/wp\/v2\/users\/1"}],"replies":[{"embeddable":true,"href":"https:\/\/interactivos.museodelamemoria.cl\/victims\/index.php?rest_route=%2Fwp%2Fv2%2Fcomments&post=2593"}],"version-history":[{"count":0,"href":"https:\/\/interactivos.museodelamemoria.cl\/victims\/index.php?rest_route=\/wp\/v2\/posts\/2593\/revisions"}],"wp:attachment":[{"href":"https:\/\/interactivos.museodelamemoria.cl\/victims\/index.php?rest_route=%2Fwp%2Fv2%2Fmedia&parent=2593"}],"wp:term":[{"taxonomy":"category","embeddable":true,"href":"https:\/\/interactivos.museodelamemoria.cl\/victims\/index.php?rest_route=%2Fwp%2Fv2%2Fcategories&post=2593"},{"taxonomy":"post_tag","embeddable":true,"href":"https:\/\/interactivos.museodelamemoria.cl\/victims\/index.php?rest_route=%2Fwp%2Fv2%2Ftags&post=2593"}],"curies":[{"name":"wp","href":"https:\/\/api.w.org\/{rel}","templated":true}]}}