{"id":2594,"date":"2013-04-01T00:00:00","date_gmt":"2013-04-01T00:00:00","guid":{"rendered":""},"modified":"2013-04-01T00:00:00","modified_gmt":"2013-04-01T00:00:00","slug":"victima-1","status":"publish","type":"post","link":"https:\/\/interactivos.museodelamemoria.cl\/victims\/?p=2594","title":{"rendered":"VILLAGRA ROJAS JUAN PEDRO"},"content":{"rendered":"<hr class=\"wp-block-separator has-text-color has-white-color has-alpha-channel-opacity has-white-background-color has-background is-style-default\"\/><p><strong>Instancia Calificadora:<\/strong> CNRR violaci\u00f3n de DDHH<\/p><p><strong>Militancia:<\/strong> Sin Militancia<\/p><p><strong>Regi\u00f3n:<\/strong> RM Metropolitana<\/p><p><strong>Ciudad:<\/strong> SANTIAGO<\/p><p><strong>Comuna:<\/strong> RENCA<\/p><p><strong>Fecha Detenci\u00f3n\/Muerte:<\/strong> 23-10-1973<\/p><p><strong>Ocupaci\u00f3n:<\/strong> COMERCIANTE AMBULANTE<\/p><p><strong>Edad:<\/strong> 22<\/p>\n<hr class=\"wp-block-separator has-text-color has-white-color has-alpha-channel-opacity has-white-background-color has-background is-style-default\"\/>\tJuan Pedro Villagra Rojas muri\u00f3 ese d\u00eda a las 8:50 horas, en calle Principal con Am\u00e9rico Vespucio, por herida de bala tor\u00e1cica con salida de proyectil, seg\u00fan consigna el Certificado M\u00e9dico de Defunci\u00f3n del Instituto M\u00e9dico Legal. \r\n\r\nSeg\u00fan testigos presenciales que informaron a la c\u00f3nyuge, Juan Villagra fue detenido por efectivos de Carabineros el 22 de octubre, alrededor de las 15:30 horas, en la poblaci\u00f3n Francisco Infante de Renca, mientras se encontraba jugando f\u00fatbol con unos amigos. Fue trasladado a la Comisar\u00eda de Renca.\r\n\r\nSu c\u00f3nyuge concurri\u00f3 al cuartel policial donde, luego de reconocer la detenci\u00f3n, le se\u00f1alaron que iba a ser puesto a disposici\u00f3n del Tribunal, lo que nunca ocurri\u00f3. \r\n\r\nD\u00edas despu\u00e9s encontr\u00f3 el cad\u00e1ver de su marido en el Instituto M\u00e9dico Legal.    \r\n\r\nConsiderando los antecedentes reunidos, el Consejo Superior de esta Corporaci\u00f3n lleg\u00f3 a la convicci\u00f3n de que Juan Pedro Villagra Rojas fue ejecutado extrajudicialmente por agentes del Estado mientras estaba detenido, situaci\u00f3n constitutiva de una violaci\u00f3n de derechos humanos.\t","protected":false},"excerpt":{"rendered":"<p>\tJuan Pedro Villagra Rojas, 22 a\u00f1os,  comerciante ambulante. Muerto el 23 de octubre de 1973 en Santiago.\t &hellip; <a href=\"https:\/\/interactivos.museodelamemoria.cl\/victims\/?p=2594\" class=\"more-link\"><span class=\"readmore\">Averigua m\u00e1s acerca de esta v\u00edctima&#8230;<span class=\"screen-reader-text\">VILLAGRA ROJAS JUAN PEDRO<\/span><\/span><\/a><\/p>\n","protected":false},"author":1,"featured_media":0,"comment_status":"open","ping_status":"open","sticky":false,"template":"","format":"standard","meta":{"footnotes":""},"categories":[5],"tags":[],"class_list":["post-2594","post","type-post","status-publish","format-standard","hentry","category-ejecutado-politico"],"_links":{"self":[{"href":"https:\/\/interactivos.museodelamemoria.cl\/victims\/index.php?rest_route=\/wp\/v2\/posts\/2594"}],"collection":[{"href":"https:\/\/interactivos.museodelamemoria.cl\/victims\/index.php?rest_route=\/wp\/v2\/posts"}],"about":[{"href":"https:\/\/interactivos.museodelamemoria.cl\/victims\/index.php?rest_route=\/wp\/v2\/types\/post"}],"author":[{"embeddable":true,"href":"https:\/\/interactivos.museodelamemoria.cl\/victims\/index.php?rest_route=\/wp\/v2\/users\/1"}],"replies":[{"embeddable":true,"href":"https:\/\/interactivos.museodelamemoria.cl\/victims\/index.php?rest_route=%2Fwp%2Fv2%2Fcomments&post=2594"}],"version-history":[{"count":0,"href":"https:\/\/interactivos.museodelamemoria.cl\/victims\/index.php?rest_route=\/wp\/v2\/posts\/2594\/revisions"}],"wp:attachment":[{"href":"https:\/\/interactivos.museodelamemoria.cl\/victims\/index.php?rest_route=%2Fwp%2Fv2%2Fmedia&parent=2594"}],"wp:term":[{"taxonomy":"category","embeddable":true,"href":"https:\/\/interactivos.museodelamemoria.cl\/victims\/index.php?rest_route=%2Fwp%2Fv2%2Fcategories&post=2594"},{"taxonomy":"post_tag","embeddable":true,"href":"https:\/\/interactivos.museodelamemoria.cl\/victims\/index.php?rest_route=%2Fwp%2Fv2%2Ftags&post=2594"}],"curies":[{"name":"wp","href":"https:\/\/api.w.org\/{rel}","templated":true}]}}