{"id":2595,"date":"2013-04-01T00:00:00","date_gmt":"2013-04-01T00:00:00","guid":{"rendered":""},"modified":"2013-04-01T00:00:00","modified_gmt":"2013-04-01T00:00:00","slug":"victima-1","status":"publish","type":"post","link":"https:\/\/interactivos.museodelamemoria.cl\/victims\/?p=2595","title":{"rendered":"LOPEZ LOPEZ ARAZATI RAMON"},"content":{"rendered":"<hr class=\"wp-block-separator has-text-color has-white-color has-alpha-channel-opacity has-white-background-color has-background is-style-default\"\/><p><strong>Instancia Calificadora:<\/strong> CNRR violaci\u00f3n de DDHH<\/p><p><strong>Militancia:<\/strong> Sin Militancia<\/p><p><strong>Regi\u00f3n:<\/strong> RM Metropolitana<\/p><p><strong>Ciudad:<\/strong> SANTIAGO<\/p><p><strong>Comuna:<\/strong> SANTIAGO<\/p><p><strong>Fecha Detenci\u00f3n\/Muerte:<\/strong> 14-09-1973<\/p><p><strong>Ocupaci\u00f3n:<\/strong> ARTESANO<\/p><p><strong>Edad:<\/strong> 33<\/p>\n<hr class=\"wp-block-separator has-text-color has-white-color has-alpha-channel-opacity has-white-background-color has-background is-style-default\"\/>\tArazat\u00ed Ram\u00f3n L\u00f3pez fue detenido ese d\u00eda por efectivos militares que allanaron la pensi\u00f3n donde viv\u00eda, en avenida Espa\u00f1a, junto a otros uruguayos. Desde entonces se desconoce su paradero.\r\n\r\nDe acuerdo con lo declarado por su conviviente y otros testigos presenciales, Arazat\u00ed L\u00f3pez, que hab\u00eda ingresado a Chile en agosto de 1972, fue detenido por militares la ma\u00f1ana del 14 de septiembre de 1973. Familiares, que posteriormente se asilaron en la Embajada de Argentina, realizaron gestiones ante organismos internacionales para ubicar su paradero, sin lograr resultados positivos. \r\n\r\nPor los antecedentes reunidos y la investigaci\u00f3n realizada por esta Corporaci\u00f3n, el Consejo Superior lleg\u00f3 a la convicci\u00f3n de que Arazat\u00ed Ram\u00f3n L\u00f3pez L\u00f3pez fue detenido por agentes del Estado y desapareci\u00f3 mientras lo manten\u00edan en esa calidad. Por tal raz\u00f3n, lo declar\u00f3 v\u00edctima de violaci\u00f3n de derechos humanos.*\r\n\r\n\u2500\u2500\u2500\u2500\u2500\u2500\u2500\u2500\u2500\u2500\u2500\u2500\u2500\u2500\u2500\u2500\u2500\u2500\u2500\u2500\u2500\u2500\u2500\u2500\r\n* Con posterioridad a la calificaci\u00f3n de este caso, con fecha 12 de diciembre de 1994, el Vig\u00e9simo Segundo Juzgado del Crimen de Santiago, en la investigaci\u00f3n que instruye por inhumaci\u00f3n ilegal en el Patio 29 del Cementerio General, estableci\u00f3 que el Protocolo de Autopsia N\u00ba3497\/73, atribuido a un \u00abdesconocido de sexo masculino\u00bb correspond\u00eda a Arazat\u00ed Ram\u00f3n L\u00f3pez L\u00f3pez y orden\u00f3 inscribir la defunci\u00f3n a su nombre y entregar sus restos a sus familiares. El Certificado de Defunci\u00f3n, tambi\u00e9n atribuido a \u00abun desconocido sexo masculino\u00bb, consigna que muri\u00f3 el 24 de octubre de 1973 en la v\u00eda p\u00fablica en Santiago, a causa de traumatismo cr\u00e1neo facial y tor\u00e1cico abdominal por bala.\t","protected":false},"excerpt":{"rendered":"<p>\tArazati Ram\u00f3n L\u00f3pez L\u00f3pez, 33 a\u00f1os, uruguayo, artesano. Detenido  desaparecido desde el 14 de septiembre de 1973 en Santiago.\t &hellip; <a href=\"https:\/\/interactivos.museodelamemoria.cl\/victims\/?p=2595\" class=\"more-link\"><span class=\"readmore\">Averigua m\u00e1s acerca de esta v\u00edctima&#8230;<span class=\"screen-reader-text\">LOPEZ LOPEZ ARAZATI RAMON<\/span><\/span><\/a><\/p>\n","protected":false},"author":1,"featured_media":0,"comment_status":"open","ping_status":"open","sticky":false,"template":"","format":"standard","meta":{"footnotes":""},"categories":[6],"tags":[],"class_list":["post-2595","post","type-post","status-publish","format-standard","hentry","category-detenido-desaparecido"],"_links":{"self":[{"href":"https:\/\/interactivos.museodelamemoria.cl\/victims\/index.php?rest_route=\/wp\/v2\/posts\/2595"}],"collection":[{"href":"https:\/\/interactivos.museodelamemoria.cl\/victims\/index.php?rest_route=\/wp\/v2\/posts"}],"about":[{"href":"https:\/\/interactivos.museodelamemoria.cl\/victims\/index.php?rest_route=\/wp\/v2\/types\/post"}],"author":[{"embeddable":true,"href":"https:\/\/interactivos.museodelamemoria.cl\/victims\/index.php?rest_route=\/wp\/v2\/users\/1"}],"replies":[{"embeddable":true,"href":"https:\/\/interactivos.museodelamemoria.cl\/victims\/index.php?rest_route=%2Fwp%2Fv2%2Fcomments&post=2595"}],"version-history":[{"count":0,"href":"https:\/\/interactivos.museodelamemoria.cl\/victims\/index.php?rest_route=\/wp\/v2\/posts\/2595\/revisions"}],"wp:attachment":[{"href":"https:\/\/interactivos.museodelamemoria.cl\/victims\/index.php?rest_route=%2Fwp%2Fv2%2Fmedia&parent=2595"}],"wp:term":[{"taxonomy":"category","embeddable":true,"href":"https:\/\/interactivos.museodelamemoria.cl\/victims\/index.php?rest_route=%2Fwp%2Fv2%2Fcategories&post=2595"},{"taxonomy":"post_tag","embeddable":true,"href":"https:\/\/interactivos.museodelamemoria.cl\/victims\/index.php?rest_route=%2Fwp%2Fv2%2Ftags&post=2595"}],"curies":[{"name":"wp","href":"https:\/\/api.w.org\/{rel}","templated":true}]}}