{"id":2621,"date":"2013-04-01T00:00:00","date_gmt":"2013-04-01T00:00:00","guid":{"rendered":""},"modified":"2013-04-01T00:00:00","modified_gmt":"2013-04-01T00:00:00","slug":"victima-1","status":"publish","type":"post","link":"https:\/\/interactivos.museodelamemoria.cl\/victims\/?p=2621","title":{"rendered":"DURAN TOLEDO MARIO RAMON"},"content":{"rendered":"<hr class=\"wp-block-separator has-text-color has-white-color has-alpha-channel-opacity has-white-background-color has-background is-style-default\"\/><p><strong>Instancia Calificadora:<\/strong> CNRR violencia pol\u00edtica<\/p><p><strong>Militancia:<\/strong> Sin Militancia<\/p><p><strong>Regi\u00f3n:<\/strong> RM Metropolitana<\/p><p><strong>Ciudad:<\/strong> SANTIAGO<\/p><p><strong>Comuna:<\/strong> <\/p><p><strong>Fecha Detenci\u00f3n\/Muerte:<\/strong> 27-09-1973<\/p><p><strong>Ocupaci\u00f3n:<\/strong> CARGADOR FERIA<\/p><p><strong>Edad:<\/strong> 18<\/p>\n<hr class=\"wp-block-separator has-text-color has-white-color has-alpha-channel-opacity has-white-background-color has-background is-style-default\"\/>\tMario Ram\u00f3n Dur\u00e1n Toledo muri\u00f3 ese d\u00eda a las 23:00 horas, en la Posta Central, por una herida de bala abdominal complicada y peritonitis aguda generalizada, seg\u00fan consigna el Certificado M\u00e9dico de Defunci\u00f3n del Instituto M\u00e9dico Legal. \r\n\r\nDe acuerdo con lo declarado por su madre, el 11 de septiembre de 1973, ambos salieron del hogar com\u00fan a sus respectivos trabajos. Mario Dur\u00e1n se dirigi\u00f3 hacia el sector de Franklin, donde hac\u00eda trabajos de cargador. Ella, por los acontecimientos que se estaban sucediendo, se devolvi\u00f3 a la casa en el transcurso de la ma\u00f1ana, pero su hijo no regres\u00f3, y no supo de \u00e9l hasta una semana despu\u00e9s, cuando en el Instituto M\u00e9dico Legal le informaron que sus restos hab\u00edan sido remitidos al Cementerio General. De acuerdo con la informaci\u00f3n proporcionada por este camposanto, sus restos fueron inhumados el 27 de septiembre de 1973 en el Patio 29 y, posteriormente, incinerados por razones reglamentarias.\r\n\r\nEn los archivos de la Asistencia P\u00fablica Central consta que ingres\u00f3 el d\u00eda anterior a su muerte, cerca de las 18:00 horas, con una herida abdominal y hematomas en su cuerpo.\r\n\r\nConsiderando los antecedentes reunidos y la investigaci\u00f3n realizada por esta Corporaci\u00f3n, no obstante que las circunstancias de la muerte de  Mario Ram\u00f3n Dur\u00e1n Toledo no pudieron ser precisadas, el Consejo Superior, atendiendo  la \u00e9poca y  la causa de la muerte, lleg\u00f3 a la convicci\u00f3n de que su fallecimiento se debi\u00f3 a la violencia pol\u00edtica imperante en ese per\u00edodo.\t","protected":false},"excerpt":{"rendered":"<p>\tMario Ram\u00f3n Duran Toledo, 18 a\u00f1os, trabajador. Muerto el 27 de septiembre de 1973 en Santiago.\t &hellip; <a href=\"https:\/\/interactivos.museodelamemoria.cl\/victims\/?p=2621\" class=\"more-link\"><span class=\"readmore\">Averigua m\u00e1s acerca de esta v\u00edctima&#8230;<span class=\"screen-reader-text\">DURAN TOLEDO MARIO RAMON<\/span><\/span><\/a><\/p>\n","protected":false},"author":1,"featured_media":0,"comment_status":"open","ping_status":"open","sticky":false,"template":"","format":"standard","meta":{"footnotes":""},"categories":[5],"tags":[],"class_list":["post-2621","post","type-post","status-publish","format-standard","hentry","category-ejecutado-politico"],"_links":{"self":[{"href":"https:\/\/interactivos.museodelamemoria.cl\/victims\/index.php?rest_route=\/wp\/v2\/posts\/2621"}],"collection":[{"href":"https:\/\/interactivos.museodelamemoria.cl\/victims\/index.php?rest_route=\/wp\/v2\/posts"}],"about":[{"href":"https:\/\/interactivos.museodelamemoria.cl\/victims\/index.php?rest_route=\/wp\/v2\/types\/post"}],"author":[{"embeddable":true,"href":"https:\/\/interactivos.museodelamemoria.cl\/victims\/index.php?rest_route=\/wp\/v2\/users\/1"}],"replies":[{"embeddable":true,"href":"https:\/\/interactivos.museodelamemoria.cl\/victims\/index.php?rest_route=%2Fwp%2Fv2%2Fcomments&post=2621"}],"version-history":[{"count":0,"href":"https:\/\/interactivos.museodelamemoria.cl\/victims\/index.php?rest_route=\/wp\/v2\/posts\/2621\/revisions"}],"wp:attachment":[{"href":"https:\/\/interactivos.museodelamemoria.cl\/victims\/index.php?rest_route=%2Fwp%2Fv2%2Fmedia&parent=2621"}],"wp:term":[{"taxonomy":"category","embeddable":true,"href":"https:\/\/interactivos.museodelamemoria.cl\/victims\/index.php?rest_route=%2Fwp%2Fv2%2Fcategories&post=2621"},{"taxonomy":"post_tag","embeddable":true,"href":"https:\/\/interactivos.museodelamemoria.cl\/victims\/index.php?rest_route=%2Fwp%2Fv2%2Ftags&post=2621"}],"curies":[{"name":"wp","href":"https:\/\/api.w.org\/{rel}","templated":true}]}}