{"id":2663,"date":"2013-04-01T00:00:00","date_gmt":"2013-04-01T00:00:00","guid":{"rendered":""},"modified":"2013-09-04T17:40:50","modified_gmt":"2013-09-04T17:40:50","slug":"victima-1-176","status":"publish","type":"post","link":"https:\/\/interactivos.museodelamemoria.cl\/victims\/?p=2663","title":{"rendered":"FUENTES SEPULVEDA PEDRO ALADIN"},"content":{"rendered":"<hr class=\"wp-block-separator has-text-color has-white-color has-alpha-channel-opacity has-white-background-color has-background is-style-default\"\/><p><strong>Instancia Calificadora:<\/strong> CNRR violencia pol\u00edtica<\/p><p><strong>Militancia:<\/strong> Sin Militancia<\/p><p><strong>Regi\u00f3n:<\/strong> RM Metropolitana<\/p><p><strong>Ciudad:<\/strong> SANTIAGO<\/p><p><strong>Comuna:<\/strong> <\/p><p><strong>Fecha Detenci\u00f3n\/Muerte:<\/strong> 07-11-1973<\/p><p><strong>Ocupaci\u00f3n:<\/strong> ELECTRICISTA<\/p><p><strong>Edad:<\/strong> 40<\/p>\n<hr class=\"wp-block-separator has-text-color has-white-color has-alpha-channel-opacity has-white-background-color has-background is-style-default\"\/>Pedro Alad\u00edn Fuentes Sep\u00falveda muri\u00f3 ese d\u00eda a las 11:00 horas, por heridas de bala craneana y tor\u00e1cica, seg\u00fan consta en el Certificado de Defunci\u00f3n.\r\n\r\nDe acuerdo con los antecedentes obtenidos del proceso iniciado en el Tercer Juzgado del Crimen de Santiago por el hallazgo de un cad\u00e1ver en la avenida Am\u00e9rico Vespucio a cien metros de calle Pedro Fontova, poblaci\u00f3n la Palmilla, comuna de Conchal\u00ed, el cuerpo fue encontrado en el lugar se\u00f1alado el 7 de noviembre de 1973, por personal de Carabineros de la Tenencia Eneas Gonel, e identificado posteriormente como Pedro Alad\u00edn Fuentes Sep\u00falveda.\r\n\r\nLa Polic\u00eda de Investigaciones que se constituy\u00f3 en el lugar finaliz\u00f3 su examen a las 13:45 horas, se\u00f1alando que la data de muerte era de doce horas aproximadamente, de lo que se concluye que Pedro Fuentes falleci\u00f3 durante la vigencia del toque de queda.\r\n\r\nConsiderando los antecedentes reunidos y la investigaci\u00f3n realizada, el Consejo Superior de esta Corporaci\u00f3n, atendidas la \u00e9poca y causa de la muerte, declar\u00f3 a Pedro Alad\u00edn Fuentes Sep\u00falveda v\u00edctima de la violencia pol\u00edtica imperante.","protected":false},"excerpt":{"rendered":"<p>\tPedro Alad\u00edn Fuentes Sep\u00falveda, 40 a\u00f1os, electricista. Muerto el 7 de noviembre de 1973 en Santiago.\t &hellip; <a href=\"https:\/\/interactivos.museodelamemoria.cl\/victims\/?p=2663\" class=\"more-link\"><span class=\"readmore\">Averigua m\u00e1s acerca de esta v\u00edctima&#8230;<span class=\"screen-reader-text\">FUENTES SEPULVEDA PEDRO ALADIN<\/span><\/span><\/a><\/p>\n","protected":false},"author":1,"featured_media":0,"comment_status":"open","ping_status":"open","sticky":false,"template":"","format":"standard","meta":{"footnotes":""},"categories":[5],"tags":[],"class_list":["post-2663","post","type-post","status-publish","format-standard","hentry","category-ejecutado-politico"],"_links":{"self":[{"href":"https:\/\/interactivos.museodelamemoria.cl\/victims\/index.php?rest_route=\/wp\/v2\/posts\/2663"}],"collection":[{"href":"https:\/\/interactivos.museodelamemoria.cl\/victims\/index.php?rest_route=\/wp\/v2\/posts"}],"about":[{"href":"https:\/\/interactivos.museodelamemoria.cl\/victims\/index.php?rest_route=\/wp\/v2\/types\/post"}],"author":[{"embeddable":true,"href":"https:\/\/interactivos.museodelamemoria.cl\/victims\/index.php?rest_route=\/wp\/v2\/users\/1"}],"replies":[{"embeddable":true,"href":"https:\/\/interactivos.museodelamemoria.cl\/victims\/index.php?rest_route=%2Fwp%2Fv2%2Fcomments&post=2663"}],"version-history":[{"count":1,"href":"https:\/\/interactivos.museodelamemoria.cl\/victims\/index.php?rest_route=\/wp\/v2\/posts\/2663\/revisions"}],"predecessor-version":[{"id":3815,"href":"https:\/\/interactivos.museodelamemoria.cl\/victims\/index.php?rest_route=\/wp\/v2\/posts\/2663\/revisions\/3815"}],"wp:attachment":[{"href":"https:\/\/interactivos.museodelamemoria.cl\/victims\/index.php?rest_route=%2Fwp%2Fv2%2Fmedia&parent=2663"}],"wp:term":[{"taxonomy":"category","embeddable":true,"href":"https:\/\/interactivos.museodelamemoria.cl\/victims\/index.php?rest_route=%2Fwp%2Fv2%2Fcategories&post=2663"},{"taxonomy":"post_tag","embeddable":true,"href":"https:\/\/interactivos.museodelamemoria.cl\/victims\/index.php?rest_route=%2Fwp%2Fv2%2Ftags&post=2663"}],"curies":[{"name":"wp","href":"https:\/\/api.w.org\/{rel}","templated":true}]}}