{"id":2679,"date":"2013-04-01T00:00:00","date_gmt":"2013-04-01T00:00:00","guid":{"rendered":""},"modified":"2013-04-01T00:00:00","modified_gmt":"2013-04-01T00:00:00","slug":"victima-1","status":"publish","type":"post","link":"https:\/\/interactivos.museodelamemoria.cl\/victims\/?p=2679","title":{"rendered":"GONZALEZ MORALES FRANCISCO RAFAEL"},"content":{"rendered":"<hr class=\"wp-block-separator has-text-color has-white-color has-alpha-channel-opacity has-white-background-color has-background is-style-default\"\/><p><strong>Instancia Calificadora:<\/strong> CNRR violaci\u00f3n de DDHH<\/p><p><strong>Militancia:<\/strong> Sin Militancia<\/p><p><strong>Regi\u00f3n:<\/strong> RM Metropolitana<\/p><p><strong>Ciudad:<\/strong> SANTIAGO<\/p><p><strong>Comuna:<\/strong> \u00d1U\u00d1OA<\/p><p><strong>Fecha Detenci\u00f3n\/Muerte:<\/strong> 26-11-1973<\/p><p><strong>Ocupaci\u00f3n:<\/strong> CHOFER<\/p><p><strong>Edad:<\/strong> 22<\/p>\n<hr class=\"wp-block-separator has-text-color has-white-color has-alpha-channel-opacity has-white-background-color has-background is-style-default\"\/>\tFrancisco Rafael Gonz\u00e1lez Morales muri\u00f3 ese d\u00eda a las 16:30 horas por asfixia por ahorcamiento, en un Cuartel de Investigaciones, seg\u00fan acredita el Certificado de Defunci\u00f3n ratificado por el Protocolo de Autopsia.\r\n\r\nDe acuerdo con la declaraci\u00f3n de la novia de Francisco Gonz\u00e1lez, la tarde del 25 de noviembre fue detenido por un funcionario de la Polic\u00eda de Investigaciones, cuando ambos ingresaban a un cine en el centro de Santiago. En el Cuartel Central de esa Polic\u00eda le informaron que ser\u00eda dejado en libertad al d\u00eda siguiente, una vez que chequearan algunos antecedentes que investigaban sobre un delito com\u00fan. Posteriormente avis\u00f3 lo sucedido a los familiares de su novio, quienes ese mismo d\u00eda se comunicaron con el recinto policial recibiendo id\u00e9ntica respuesta.\r\n\r\nAl d\u00eda siguiente, cuando concurrieron a la Unidad mencionada, se enteraron que Francisco Gonz\u00e1lez no aparec\u00eda ingresado como detenido; tampoco obtuvieron informaci\u00f3n acerca del hecho de su detenci\u00f3n y de su paradero. \r\n\r\nDurante los siguientes diez d\u00edas estuvieron insistiendo en ese lugar para que se les informara de su paradero sin obtener ninguna explicaci\u00f3n. S\u00f3lo debido a su insistencia y a la desesperaci\u00f3n por la falta de noticias, un detective, en forma muy reservada y extraoficial, les dijo que el funcionario aprehensor pertenec\u00eda a la unidad policial de la comuna de \u00d1u\u00f1oa.\r\n\r\nEn este \u00faltimo recinto, tras requerir informaci\u00f3n reiteradamente, se les comunic\u00f3 que Francisco Gonz\u00e1lez hab\u00eda muerto por ahorcamiento, al d\u00eda siguiente de su detenci\u00f3n, en el interior de un calabozo del recinto. \r\n\r\nEn la investigaci\u00f3n judicial instruida se realiz\u00f3 una Inspecci\u00f3n Personal del Tribunal a la unidad policial, en la que se dej\u00f3 constancia de que Francisco Gonz\u00e1lez aparec\u00eda ingresado reci\u00e9n el 26 de noviembre de 1973, a las 11:05 horas y que en los libros respectivos no se hab\u00eda anotado si lo hab\u00edan sometido a interrogatorios ni tampoco la hora en que ingres\u00f3 al calabozo donde muri\u00f3.\r\n\r\nEl proceso judicial fue sobrese\u00eddo temporalmente, por estimar el Tribunal que no hab\u00eda indicios de haberse cometido un delito o un cuasidelito. \r\n\r\nEl Consejo Superior, teniendo presente las acciones reiteradas de ocultamiento de la detenci\u00f3n y posterior muerte de Francisco Rafael Gonz\u00e1lez Morales por parte de agentes del Estado, lleg\u00f3 a la convicci\u00f3n de que \u00e9sta, hubiera sido o no por suicidio, fue una consecuencia directa de la forma de actuaci\u00f3n de aquellos agentes mientras lo manten\u00edan privado de libertad. Por tal raz\u00f3n, lo declar\u00f3 v\u00edctima de violaci\u00f3n de derechos humanos.\t","protected":false},"excerpt":{"rendered":"<p>\tFrancisco Rafael Gonz\u00e1lez Morales, 22 a\u00f1os, chofer. Muerto el 26 de noviembre de 1973 en Santiago.\t &hellip; <a href=\"https:\/\/interactivos.museodelamemoria.cl\/victims\/?p=2679\" class=\"more-link\"><span class=\"readmore\">Averigua m\u00e1s acerca de esta v\u00edctima&#8230;<span class=\"screen-reader-text\">GONZALEZ MORALES FRANCISCO RAFAEL<\/span><\/span><\/a><\/p>\n","protected":false},"author":1,"featured_media":0,"comment_status":"open","ping_status":"open","sticky":false,"template":"","format":"standard","meta":{"footnotes":""},"categories":[5],"tags":[],"class_list":["post-2679","post","type-post","status-publish","format-standard","hentry","category-ejecutado-politico"],"_links":{"self":[{"href":"https:\/\/interactivos.museodelamemoria.cl\/victims\/index.php?rest_route=\/wp\/v2\/posts\/2679"}],"collection":[{"href":"https:\/\/interactivos.museodelamemoria.cl\/victims\/index.php?rest_route=\/wp\/v2\/posts"}],"about":[{"href":"https:\/\/interactivos.museodelamemoria.cl\/victims\/index.php?rest_route=\/wp\/v2\/types\/post"}],"author":[{"embeddable":true,"href":"https:\/\/interactivos.museodelamemoria.cl\/victims\/index.php?rest_route=\/wp\/v2\/users\/1"}],"replies":[{"embeddable":true,"href":"https:\/\/interactivos.museodelamemoria.cl\/victims\/index.php?rest_route=%2Fwp%2Fv2%2Fcomments&post=2679"}],"version-history":[{"count":0,"href":"https:\/\/interactivos.museodelamemoria.cl\/victims\/index.php?rest_route=\/wp\/v2\/posts\/2679\/revisions"}],"wp:attachment":[{"href":"https:\/\/interactivos.museodelamemoria.cl\/victims\/index.php?rest_route=%2Fwp%2Fv2%2Fmedia&parent=2679"}],"wp:term":[{"taxonomy":"category","embeddable":true,"href":"https:\/\/interactivos.museodelamemoria.cl\/victims\/index.php?rest_route=%2Fwp%2Fv2%2Fcategories&post=2679"},{"taxonomy":"post_tag","embeddable":true,"href":"https:\/\/interactivos.museodelamemoria.cl\/victims\/index.php?rest_route=%2Fwp%2Fv2%2Ftags&post=2679"}],"curies":[{"name":"wp","href":"https:\/\/api.w.org\/{rel}","templated":true}]}}