{"id":2722,"date":"2013-04-01T00:00:00","date_gmt":"2013-04-01T00:00:00","guid":{"rendered":""},"modified":"2013-04-01T00:00:00","modified_gmt":"2013-04-01T00:00:00","slug":"victima-1","status":"publish","type":"post","link":"https:\/\/interactivos.museodelamemoria.cl\/victims\/?p=2722","title":{"rendered":"MALHUE GONZALEZ JOHN PATRICIO"},"content":{"rendered":"<hr class=\"wp-block-separator has-text-color has-white-color has-alpha-channel-opacity has-white-background-color has-background is-style-default\"\/><p><strong>Instancia Calificadora:<\/strong> CNRR violencia pol\u00edtica<\/p><p><strong>Militancia:<\/strong> Sin Militancia<\/p><p><strong>Regi\u00f3n:<\/strong> RM Metropolitana<\/p><p><strong>Ciudad:<\/strong> SANTIAGO<\/p><p><strong>Comuna:<\/strong> <\/p><p><strong>Fecha Detenci\u00f3n\/Muerte:<\/strong> 04-08-1986<\/p><p><strong>Ocupaci\u00f3n:<\/strong> CHOFER<\/p><p><strong>Edad:<\/strong> 21<\/p>\n<hr class=\"wp-block-separator has-text-color has-white-color has-alpha-channel-opacity has-white-background-color has-background is-style-default\"\/>\tJohn Patricio Malhue Gonz\u00e1lez muri\u00f3 ese d\u00eda a las 7:20 horas, en la v\u00eda p\u00fablica, a causa de destrozamiento por acci\u00f3n de artefacto explosivo, seg\u00fan se consigna en el Certificado M\u00e9dico de Defunci\u00f3n del Instituto M\u00e9dico Legal. \r\n\r\nLa explosi\u00f3n que ocasion\u00f3 la muerte de John Malhue ocurri\u00f3 cuando conduc\u00eda un autom\u00f3vil por calle Emiliano Figueroa, a pocos metros del Regimiento Libertadores. El veh\u00edculo era un taxi, cuyo robo se hab\u00eda denunciado d\u00edas antes; la patente pertenec\u00eda a otro veh\u00edculo, y en su interior, seg\u00fan peritajes realizados, hab\u00eda una bomba de 15 kilos de amongelatina que se activaba mediante un sistema el\u00e9ctrico por control remoto.\r\n\r\nVecinos y centinelas del Regimiento informaron haber visto minutos antes de la explosi\u00f3n a un sujeto desconocido caminar por los tejados de las casas del sector manipulando algo entre sus manos, y a otro, por la misma calle de la explosi\u00f3n, parapetado tras unos \u00e1rboles, tomando secuencias fotogr\u00e1ficas o filmaciones de video.  \r\n\r\nLa Polic\u00eda de Investigaciones inform\u00f3 p\u00fablicamente que John Malhue no registraba antecedentes policiales penales ni pol\u00edticos.\r\n\r\nDe acuerdo con la declaraci\u00f3n de su c\u00f3nyuge, John Malhue nunca hab\u00eda tenido militancia o posici\u00f3n pol\u00edtica determinada, era una persona muy trabajadora y un buen padre de familia que se encontraba en una dif\u00edcil situaci\u00f3n econ\u00f3mica. Ese d\u00eda sali\u00f3 del hogar com\u00fan a la hora acostumbrada rumbo a su trabajo. Su esposa se enter\u00f3 de su muerte a trav\u00e9s de las noticias. Ese mismo d\u00eda el domicilio familiar fue allanado por la Central Nacional de Informaciones (CNI) y por el Servicio de Inteligencia Militar (SIM). Despu\u00e9s de su muerte y debido a los continuos hostigamientos y seguimientos en contra de su familia por terceros desconocidos, ella y sus hijos debieron abandonar el pa\u00eds. \r\n\r\nSi bien la investigaci\u00f3n realizada por esta Corporaci\u00f3n no pudo establecer las circunstancias precisas de la muerte de John Patricio Malhu\u00e9 Gonz\u00e1lez, el Consejo Superior, teniendo presente sus antecedentes y caracter\u00edsticas personales, lleg\u00f3 a la convicci\u00f3n de que ignoraba que dentro del veh\u00edculo que conduc\u00eda se encontraba un artefacto explosivo de las caracter\u00edsticas se\u00f1aladas y, por lo mismo, lo declar\u00f3 v\u00edctima de la violencia pol\u00edtica imperante.\t","protected":false},"excerpt":{"rendered":"<p>\tJohn Patricio Malhue Gonz\u00e1lez, 21 a\u00f1os, chofer. Muerto el 4 de agosto de 1986 en Santiago.\t &hellip; <a href=\"https:\/\/interactivos.museodelamemoria.cl\/victims\/?p=2722\" class=\"more-link\"><span class=\"readmore\">Averigua m\u00e1s acerca de esta v\u00edctima&#8230;<span class=\"screen-reader-text\">MALHUE GONZALEZ JOHN PATRICIO<\/span><\/span><\/a><\/p>\n","protected":false},"author":1,"featured_media":0,"comment_status":"open","ping_status":"open","sticky":false,"template":"","format":"standard","meta":{"footnotes":""},"categories":[5],"tags":[],"class_list":["post-2722","post","type-post","status-publish","format-standard","hentry","category-ejecutado-politico"],"_links":{"self":[{"href":"https:\/\/interactivos.museodelamemoria.cl\/victims\/index.php?rest_route=\/wp\/v2\/posts\/2722"}],"collection":[{"href":"https:\/\/interactivos.museodelamemoria.cl\/victims\/index.php?rest_route=\/wp\/v2\/posts"}],"about":[{"href":"https:\/\/interactivos.museodelamemoria.cl\/victims\/index.php?rest_route=\/wp\/v2\/types\/post"}],"author":[{"embeddable":true,"href":"https:\/\/interactivos.museodelamemoria.cl\/victims\/index.php?rest_route=\/wp\/v2\/users\/1"}],"replies":[{"embeddable":true,"href":"https:\/\/interactivos.museodelamemoria.cl\/victims\/index.php?rest_route=%2Fwp%2Fv2%2Fcomments&post=2722"}],"version-history":[{"count":0,"href":"https:\/\/interactivos.museodelamemoria.cl\/victims\/index.php?rest_route=\/wp\/v2\/posts\/2722\/revisions"}],"wp:attachment":[{"href":"https:\/\/interactivos.museodelamemoria.cl\/victims\/index.php?rest_route=%2Fwp%2Fv2%2Fmedia&parent=2722"}],"wp:term":[{"taxonomy":"category","embeddable":true,"href":"https:\/\/interactivos.museodelamemoria.cl\/victims\/index.php?rest_route=%2Fwp%2Fv2%2Fcategories&post=2722"},{"taxonomy":"post_tag","embeddable":true,"href":"https:\/\/interactivos.museodelamemoria.cl\/victims\/index.php?rest_route=%2Fwp%2Fv2%2Ftags&post=2722"}],"curies":[{"name":"wp","href":"https:\/\/api.w.org\/{rel}","templated":true}]}}