{"id":2787,"date":"2013-04-01T00:00:00","date_gmt":"2013-04-01T00:00:00","guid":{"rendered":""},"modified":"2013-09-03T21:49:40","modified_gmt":"2013-09-03T21:49:40","slug":"victima-1-133","status":"publish","type":"post","link":"https:\/\/interactivos.museodelamemoria.cl\/victims\/?p=2787","title":{"rendered":"VILA LEAL VICTOR HUGO"},"content":{"rendered":"<hr class=\"wp-block-separator has-text-color has-white-color has-alpha-channel-opacity has-white-background-color has-background is-style-default\"\/><p><strong>Instancia Calificadora:<\/strong> CNRR violencia pol\u00edtica<\/p><p><strong>Militancia:<\/strong> Sin Militancia<\/p><p><strong>Regi\u00f3n:<\/strong> RM Metropolitana<\/p><p><strong>Ciudad:<\/strong> SANTIAGO<\/p><p><strong>Comuna:<\/strong> <\/p><p><strong>Fecha Detenci\u00f3n\/Muerte:<\/strong> 11-10-1973<\/p><p><strong>Ocupaci\u00f3n:<\/strong> TRABAJADOR<\/p><p><strong>Edad:<\/strong> 21<\/p>\n<hr class=\"wp-block-separator has-text-color has-white-color has-alpha-channel-opacity has-white-background-color has-background is-style-default\"\/>V\u00edctor Hugo Vila Leal muri\u00f3 ese d\u00eda a las 6:30 horas, en la v\u00eda p\u00fablica, por una herida de bala tor\u00e1cico abdominal, seg\u00fan consigna el Certificado M\u00e9dico de Defunci\u00f3n del Instituto M\u00e9dico Legal.\r\n\r\nSeg\u00fan declaraciones de sus familiares, el 10 de octubre de 1973, alrededor de las 18:00 horas, V\u00edctor Vila sali\u00f3 de su domicilio en la poblaci\u00f3n Roosevelt, comuna de Cerro Navia, con el objeto de comprar pan en un negocio a pocas cuadras de su casa.\r\n\r\nComo no regres\u00f3 a su hogar, al d\u00eda siguiente sus familiares comenzaron a buscarlo en Comisar\u00edas de Carabineros del sector y otros recintos de detenci\u00f3n, sin obtener informaciones veraces sobre su paradero.\r\n\r\nDos meses despu\u00e9s de su desaparici\u00f3n, la familia fue informada en las oficinas del Registro Civil e Identificaci\u00f3n que se encontraba registrada la muerte de V\u00edctor Vila y que deb\u00edan dirigirse al Instituto M\u00e9dico Legal a requerir mayores antecedentes. En dicho Servicio se enteraron de que hab\u00eda sido inhumado en el Patio 29 del Cementerio General de Santiago. En diciembre de 1973, sus restos fueron entregados a los familiares.\r\n\r\nConsiderando los antecedentes reunidos y las investigaciones realizadas por esta Corporaci\u00f3n, el Consejo Superior, atendiendo la causa y \u00e9poca de la muerte, lleg\u00f3 a la convicci\u00f3n de que V\u00edctor Hugo Vila Leal fue v\u00edctima de la violencia pol\u00edtica imperante.","protected":false},"excerpt":{"rendered":"<p>\tV\u00edctor Hugo Vila Leal, 21 a\u00f1os, trabajador. Muerto el 11 de octubre de 1973 en Santiago.\t &hellip; <a href=\"https:\/\/interactivos.museodelamemoria.cl\/victims\/?p=2787\" class=\"more-link\"><span class=\"readmore\">Averigua m\u00e1s acerca de esta v\u00edctima&#8230;<span class=\"screen-reader-text\">VILA LEAL VICTOR HUGO<\/span><\/span><\/a><\/p>\n","protected":false},"author":1,"featured_media":0,"comment_status":"open","ping_status":"open","sticky":false,"template":"","format":"standard","meta":{"footnotes":""},"categories":[5],"tags":[],"class_list":["post-2787","post","type-post","status-publish","format-standard","hentry","category-ejecutado-politico"],"_links":{"self":[{"href":"https:\/\/interactivos.museodelamemoria.cl\/victims\/index.php?rest_route=\/wp\/v2\/posts\/2787"}],"collection":[{"href":"https:\/\/interactivos.museodelamemoria.cl\/victims\/index.php?rest_route=\/wp\/v2\/posts"}],"about":[{"href":"https:\/\/interactivos.museodelamemoria.cl\/victims\/index.php?rest_route=\/wp\/v2\/types\/post"}],"author":[{"embeddable":true,"href":"https:\/\/interactivos.museodelamemoria.cl\/victims\/index.php?rest_route=\/wp\/v2\/users\/1"}],"replies":[{"embeddable":true,"href":"https:\/\/interactivos.museodelamemoria.cl\/victims\/index.php?rest_route=%2Fwp%2Fv2%2Fcomments&post=2787"}],"version-history":[{"count":2,"href":"https:\/\/interactivos.museodelamemoria.cl\/victims\/index.php?rest_route=\/wp\/v2\/posts\/2787\/revisions"}],"predecessor-version":[{"id":3720,"href":"https:\/\/interactivos.museodelamemoria.cl\/victims\/index.php?rest_route=\/wp\/v2\/posts\/2787\/revisions\/3720"}],"wp:attachment":[{"href":"https:\/\/interactivos.museodelamemoria.cl\/victims\/index.php?rest_route=%2Fwp%2Fv2%2Fmedia&parent=2787"}],"wp:term":[{"taxonomy":"category","embeddable":true,"href":"https:\/\/interactivos.museodelamemoria.cl\/victims\/index.php?rest_route=%2Fwp%2Fv2%2Fcategories&post=2787"},{"taxonomy":"post_tag","embeddable":true,"href":"https:\/\/interactivos.museodelamemoria.cl\/victims\/index.php?rest_route=%2Fwp%2Fv2%2Ftags&post=2787"}],"curies":[{"name":"wp","href":"https:\/\/api.w.org\/{rel}","templated":true}]}}