{"id":2814,"date":"2013-04-01T00:00:00","date_gmt":"2013-04-01T00:00:00","guid":{"rendered":""},"modified":"2014-04-15T16:30:50","modified_gmt":"2014-04-15T16:30:50","slug":"victima-1-319","status":"publish","type":"post","link":"https:\/\/interactivos.museodelamemoria.cl\/victims\/?p=2814","title":{"rendered":"ACEVEDO FARI\u00d1A GERMAN"},"content":{"rendered":"<hr class=\"wp-block-separator has-text-color has-white-color has-alpha-channel-opacity has-white-background-color has-background is-style-default\"\/><p><strong>Instancia Calificadora:<\/strong> CNRR violaci\u00f3n de DDHH<\/p><p><strong>Militancia:<\/strong> PS<\/p><p><strong>Regi\u00f3n:<\/strong> RM Metropolitana<\/p><p><strong>Ciudad:<\/strong> SANTIAGO<\/p><p><strong>Comuna:<\/strong> <\/p><p><strong>Fecha Detenci\u00f3n\/Muerte:<\/strong> 08-11-1977<\/p><p><strong>Ocupaci\u00f3n:<\/strong> COMERCIANTE<\/p><p><strong>Edad:<\/strong> 35<\/p>\n<hr class=\"wp-block-separator has-text-color has-white-color has-alpha-channel-opacity has-white-background-color has-background is-style-default\"\/>Germ\u00e1n Acevedo Fari\u00f1a muri\u00f3 ese d\u00eda a las 11:00 horas, en la Cuarta Comisar\u00eda de Carabineros, por ahorcamiento, como acredita el Certificado M\u00e9dico de Defunci\u00f3n del Instituto M\u00e9dico Legal.\r\n\r\nSeg\u00fan declaraciones de testigos, Germ\u00e1n Acevedo fue detenido la noche del 7 de noviembre de 1977 por carabineros de la Tenencia La Castrina que investigaban unos delitos comunes. Qued\u00f3 en libertad al d\u00eda siguiente a las 7:00 horas, pero dos horas despu\u00e9s fue nuevamente detenido, en la v\u00eda p\u00fablica, ahora por carabineros de la Cuarta Comisar\u00eda, que lo trasladaron a esa dependencia policial.\r\n\r\nEn el proceso judicial que se sigui\u00f3 por su muerte constan declaraciones de testigos que aseguran que Germ\u00e1n Acevedo fue golpeado reiteradamente en distintas partes del cuerpo por efectivos de esa Comisar\u00eda, mientras se encontraba en la sala de guardia.\r\n\r\nPosteriormente fue trasladado a un calabozo, donde m\u00e1s tarde fue encontrado muerto por ahorcamiento.\r\n\r\nConsiderando los antecedentes reunidos por esta Corporaci\u00f3n, el Consejo Superior lleg\u00f3 a la convicci\u00f3n de que la muerte de Germ\u00e1n Acevedo Fari\u00f1a, haya sido o no un suicidio, se produjo como consecuencia directa e inmediata del acoso y el maltrato ileg\u00edtimo a que fue sometido por agentes del Estado, mientras se encontraba detenido. En consecuencia, lo declar\u00f3 v\u00edctima de violaci\u00f3n a los derechos humanos.","protected":false},"excerpt":{"rendered":"<p>\tGerm\u00e1n Acevedo Fari\u00f1a, 36 a\u00f1os,  comerciante. Muerto el 8 de noviembre de 1977 en Santiago.\t &hellip; <a href=\"https:\/\/interactivos.museodelamemoria.cl\/victims\/?p=2814\" class=\"more-link\"><span class=\"readmore\">Averigua m\u00e1s acerca de esta v\u00edctima&#8230;<span class=\"screen-reader-text\">ACEVEDO FARI\u00d1A GERMAN<\/span><\/span><\/a><\/p>\n","protected":false},"author":1,"featured_media":0,"comment_status":"open","ping_status":"open","sticky":false,"template":"","format":"standard","meta":{"footnotes":""},"categories":[5],"tags":[],"class_list":["post-2814","post","type-post","status-publish","format-standard","hentry","category-ejecutado-politico"],"_links":{"self":[{"href":"https:\/\/interactivos.museodelamemoria.cl\/victims\/index.php?rest_route=\/wp\/v2\/posts\/2814"}],"collection":[{"href":"https:\/\/interactivos.museodelamemoria.cl\/victims\/index.php?rest_route=\/wp\/v2\/posts"}],"about":[{"href":"https:\/\/interactivos.museodelamemoria.cl\/victims\/index.php?rest_route=\/wp\/v2\/types\/post"}],"author":[{"embeddable":true,"href":"https:\/\/interactivos.museodelamemoria.cl\/victims\/index.php?rest_route=\/wp\/v2\/users\/1"}],"replies":[{"embeddable":true,"href":"https:\/\/interactivos.museodelamemoria.cl\/victims\/index.php?rest_route=%2Fwp%2Fv2%2Fcomments&post=2814"}],"version-history":[{"count":5,"href":"https:\/\/interactivos.museodelamemoria.cl\/victims\/index.php?rest_route=\/wp\/v2\/posts\/2814\/revisions"}],"predecessor-version":[{"id":4330,"href":"https:\/\/interactivos.museodelamemoria.cl\/victims\/index.php?rest_route=\/wp\/v2\/posts\/2814\/revisions\/4330"}],"wp:attachment":[{"href":"https:\/\/interactivos.museodelamemoria.cl\/victims\/index.php?rest_route=%2Fwp%2Fv2%2Fmedia&parent=2814"}],"wp:term":[{"taxonomy":"category","embeddable":true,"href":"https:\/\/interactivos.museodelamemoria.cl\/victims\/index.php?rest_route=%2Fwp%2Fv2%2Fcategories&post=2814"},{"taxonomy":"post_tag","embeddable":true,"href":"https:\/\/interactivos.museodelamemoria.cl\/victims\/index.php?rest_route=%2Fwp%2Fv2%2Ftags&post=2814"}],"curies":[{"name":"wp","href":"https:\/\/api.w.org\/{rel}","templated":true}]}}