{"id":2885,"date":"2013-04-01T00:00:00","date_gmt":"2013-04-01T00:00:00","guid":{"rendered":""},"modified":"2013-09-05T22:32:59","modified_gmt":"2013-09-05T22:32:59","slug":"victima-1-22","status":"publish","type":"post","link":"https:\/\/interactivos.museodelamemoria.cl\/victims\/?p=2885","title":{"rendered":"Z\u00da\u00d1IGA TAPIA ROBERTO LEOPOLDO"},"content":{"rendered":"<hr class=\"wp-block-separator has-text-color has-white-color has-alpha-channel-opacity has-white-background-color has-background is-style-default\"\/><p><strong>Instancia Calificadora:<\/strong> Comisi\u00f3n 2011 violaci\u00f3n de DDHH<\/p><p><strong>Militancia:<\/strong> Sin Militancia<\/p><p><strong>Regi\u00f3n:<\/strong> RM METROPOLITANA<\/p><p><strong>Ciudad:<\/strong> SANTIAGO<\/p><p><strong>Comuna:<\/strong> <\/p><p><strong>Fecha Detenci\u00f3n\/Muerte:<\/strong> 06-01-1974<\/p><p><strong>Ocupaci\u00f3n:<\/strong> CARGADOR VEGA CENTRAL<\/p><p><strong>Edad:<\/strong> 19<\/p>\n<hr class=\"wp-block-separator has-text-color has-white-color has-alpha-channel-opacity has-white-background-color has-background is-style-default\"\/>Roberto Leopoldo Z\u00fa\u00f1iga Tapia, de 19 a\u00f1os, muri\u00f3 el 6 de enero de 1974 producto de dos heridas de bala. Trabajaba en la Vega Central cargando y descargando camiones. Su cuerpo fue encontrado en el kil\u00f3metro 12 de la carretera Panamericana, Regi\u00f3n Metropolitana. La investigaci\u00f3n judicial concluy\u00f3 que hubo participaci\u00f3n de agentes del Estado debido al tipo de lesiones sufridas por la v\u00edctima. Adicionalmente, una noticia publicada en La Tercera el 8 de enero de 1974 dio cuenta de 190 detenidos por infringir un toque de queda efectuado entre los d\u00edas 4 y 5 de enero de 1974. Los antecedentes recabados por la Comisi\u00f3n permitieron formar convicci\u00f3n de que hubo intervenci\u00f3n de agentes del Estado en la muerte de Roberto Z\u00fa\u00f1iga Tapia.","protected":false},"excerpt":{"rendered":"<p>\tRoberto Leopoldo Z\u00fa\u00f1iga Tapia, 19 a\u00f1os, cargador en la Vega Central. Muerto el 6 de enero de 1974 en Santiago.\t &hellip; <a href=\"https:\/\/interactivos.museodelamemoria.cl\/victims\/?p=2885\" class=\"more-link\"><span class=\"readmore\">Averigua m\u00e1s acerca de esta v\u00edctima&#8230;<span class=\"screen-reader-text\">Z\u00da\u00d1IGA TAPIA ROBERTO LEOPOLDO<\/span><\/span><\/a><\/p>\n","protected":false},"author":1,"featured_media":0,"comment_status":"open","ping_status":"open","sticky":false,"template":"","format":"standard","meta":{"footnotes":""},"categories":[5],"tags":[],"class_list":["post-2885","post","type-post","status-publish","format-standard","hentry","category-ejecutado-politico"],"_links":{"self":[{"href":"https:\/\/interactivos.museodelamemoria.cl\/victims\/index.php?rest_route=\/wp\/v2\/posts\/2885"}],"collection":[{"href":"https:\/\/interactivos.museodelamemoria.cl\/victims\/index.php?rest_route=\/wp\/v2\/posts"}],"about":[{"href":"https:\/\/interactivos.museodelamemoria.cl\/victims\/index.php?rest_route=\/wp\/v2\/types\/post"}],"author":[{"embeddable":true,"href":"https:\/\/interactivos.museodelamemoria.cl\/victims\/index.php?rest_route=\/wp\/v2\/users\/1"}],"replies":[{"embeddable":true,"href":"https:\/\/interactivos.museodelamemoria.cl\/victims\/index.php?rest_route=%2Fwp%2Fv2%2Fcomments&post=2885"}],"version-history":[{"count":3,"href":"https:\/\/interactivos.museodelamemoria.cl\/victims\/index.php?rest_route=\/wp\/v2\/posts\/2885\/revisions"}],"predecessor-version":[{"id":3376,"href":"https:\/\/interactivos.museodelamemoria.cl\/victims\/index.php?rest_route=\/wp\/v2\/posts\/2885\/revisions\/3376"}],"wp:attachment":[{"href":"https:\/\/interactivos.museodelamemoria.cl\/victims\/index.php?rest_route=%2Fwp%2Fv2%2Fmedia&parent=2885"}],"wp:term":[{"taxonomy":"category","embeddable":true,"href":"https:\/\/interactivos.museodelamemoria.cl\/victims\/index.php?rest_route=%2Fwp%2Fv2%2Fcategories&post=2885"},{"taxonomy":"post_tag","embeddable":true,"href":"https:\/\/interactivos.museodelamemoria.cl\/victims\/index.php?rest_route=%2Fwp%2Fv2%2Ftags&post=2885"}],"curies":[{"name":"wp","href":"https:\/\/api.w.org\/{rel}","templated":true}]}}