{"id":2889,"date":"2013-04-01T00:00:00","date_gmt":"2013-04-01T00:00:00","guid":{"rendered":""},"modified":"2013-04-01T00:00:00","modified_gmt":"2013-04-01T00:00:00","slug":"victima-1","status":"publish","type":"post","link":"https:\/\/interactivos.museodelamemoria.cl\/victims\/?p=2889","title":{"rendered":"ACEVEDO ESPINOZA RENE"},"content":{"rendered":"<hr class=\"wp-block-separator has-text-color has-white-color has-alpha-channel-opacity has-white-background-color has-background is-style-default\"\/><p><strong>Instancia Calificadora:<\/strong> CNRR violaci\u00f3n de DDHH<\/p><p><strong>Militancia:<\/strong> PC<\/p><p><strong>Regi\u00f3n:<\/strong> V Valpara\u00edso<\/p><p><strong>Ciudad:<\/strong> VALPARAISO<\/p><p><strong>Comuna:<\/strong> <\/p><p><strong>Fecha Detenci\u00f3n\/Muerte:<\/strong> 14-11-1973<\/p><p><strong>Ocupaci\u00f3n:<\/strong> JEFE DE OBRA CONSTRUCCION<\/p><p><strong>Edad:<\/strong> 42<\/p>\n<hr class=\"wp-block-separator has-text-color has-white-color has-alpha-channel-opacity has-white-background-color has-background is-style-default\"\/>\tRen\u00e9 Acevedo Espinoza muri\u00f3 ese d\u00eda a las 3:00 horas, en el Hospital Naval de Valpara\u00edso, por un shock cardiog\u00e9nico infarto miocardio agudo, seg\u00fan consigna  el Certificado M\u00e9dico de Defunci\u00f3n del Instituto M\u00e9dico Legal.\r\n\r\nDe acuerdo con declaraciones de sus familiares, Ren\u00e9 Acevedo, militante comunista y miembro de la Central Unica de Trabajadores, fue detenido el 11 de noviembre de 1973 en su domicilio, por efectivos militares que allanaron el inmueble debido a una denuncia de ingreso de una caja con armas a la vivienda.\r\n\r\nFue conducido al Regimiento de Caballer\u00eda Blindada \u00abCoraceros\u00bb, donde fue interrogado y acusado de tenencia de armas. El d\u00eda 14 su c\u00f3nyuge fue informada que hab\u00eda sido trasladado al Hospital de Playa Ancha, donde falleci\u00f3. Los restos fueron entregados a familiares, quienes constataron su cara deformada y vendada. \r\n\r\nEn virtud de los antecedentes reunidos y la investigaci\u00f3n realizada por esta Corporaci\u00f3n, el Consejo Superior lleg\u00f3 a la convicci\u00f3n de que en la muerte de Ren\u00e9 Acevedo Espinoza influyeron decisivamente las torturas a que fue sometido por agentes del Estado durante su detenci\u00f3n en una unidad militar. En consecuencia, lo declar\u00f3 v\u00edctima de violaci\u00f3n a los derechos humanos.\t","protected":false},"excerpt":{"rendered":"<p>\tRen\u00e9 Acevedo Espinoza, 42 a\u00f1os, trabajador. Muerto el 14 de noviembre de 1973 en Valpara\u00edso.\t &hellip; <a href=\"https:\/\/interactivos.museodelamemoria.cl\/victims\/?p=2889\" class=\"more-link\"><span class=\"readmore\">Averigua m\u00e1s acerca de esta v\u00edctima&#8230;<span class=\"screen-reader-text\">ACEVEDO ESPINOZA RENE<\/span><\/span><\/a><\/p>\n","protected":false},"author":1,"featured_media":0,"comment_status":"open","ping_status":"open","sticky":false,"template":"","format":"standard","meta":{"footnotes":""},"categories":[5],"tags":[],"class_list":["post-2889","post","type-post","status-publish","format-standard","hentry","category-ejecutado-politico"],"_links":{"self":[{"href":"https:\/\/interactivos.museodelamemoria.cl\/victims\/index.php?rest_route=\/wp\/v2\/posts\/2889"}],"collection":[{"href":"https:\/\/interactivos.museodelamemoria.cl\/victims\/index.php?rest_route=\/wp\/v2\/posts"}],"about":[{"href":"https:\/\/interactivos.museodelamemoria.cl\/victims\/index.php?rest_route=\/wp\/v2\/types\/post"}],"author":[{"embeddable":true,"href":"https:\/\/interactivos.museodelamemoria.cl\/victims\/index.php?rest_route=\/wp\/v2\/users\/1"}],"replies":[{"embeddable":true,"href":"https:\/\/interactivos.museodelamemoria.cl\/victims\/index.php?rest_route=%2Fwp%2Fv2%2Fcomments&post=2889"}],"version-history":[{"count":0,"href":"https:\/\/interactivos.museodelamemoria.cl\/victims\/index.php?rest_route=\/wp\/v2\/posts\/2889\/revisions"}],"wp:attachment":[{"href":"https:\/\/interactivos.museodelamemoria.cl\/victims\/index.php?rest_route=%2Fwp%2Fv2%2Fmedia&parent=2889"}],"wp:term":[{"taxonomy":"category","embeddable":true,"href":"https:\/\/interactivos.museodelamemoria.cl\/victims\/index.php?rest_route=%2Fwp%2Fv2%2Fcategories&post=2889"},{"taxonomy":"post_tag","embeddable":true,"href":"https:\/\/interactivos.museodelamemoria.cl\/victims\/index.php?rest_route=%2Fwp%2Fv2%2Ftags&post=2889"}],"curies":[{"name":"wp","href":"https:\/\/api.w.org\/{rel}","templated":true}]}}