{"id":2892,"date":"2013-04-01T00:00:00","date_gmt":"2013-04-01T00:00:00","guid":{"rendered":""},"modified":"2013-04-01T00:00:00","modified_gmt":"2013-04-01T00:00:00","slug":"victima-1","status":"publish","type":"post","link":"https:\/\/interactivos.museodelamemoria.cl\/victims\/?p=2892","title":{"rendered":"ACU\u00d1A SEPULVEDA DANIEL"},"content":{"rendered":"<hr class=\"wp-block-separator has-text-color has-white-color has-alpha-channel-opacity has-white-background-color has-background is-style-default\"\/><p><strong>Instancia Calificadora:<\/strong> CVR violaci\u00f3n de DDHH<\/p><p><strong>Militancia:<\/strong> PS<\/p><p><strong>Regi\u00f3n:<\/strong> IV Coquimbo<\/p><p><strong>Ciudad:<\/strong> COQUIMBO<\/p><p><strong>Comuna:<\/strong> COQUIMBO<\/p><p><strong>Fecha Detenci\u00f3n\/Muerte:<\/strong> 13-08-1979<\/p><p><strong>Ocupaci\u00f3n:<\/strong> JUBILADO E.C.A.<\/p><p><strong>Edad:<\/strong> 69<\/p>\n<hr class=\"wp-block-separator has-text-color has-white-color has-alpha-channel-opacity has-white-background-color has-background is-style-default\"\/>\tEl 13 de agosto de 1979 falleci\u00f3 en La Serena Daniel ACU\u00d1A SEPULVEDA, militante del PS y funcionario p\u00fablico.  Seg\u00fan la versi\u00f3n oficial, dada a conocer mediante un comunicado de la Intendencia Regional, hubo una explosi\u00f3n en el sector donde se ubica la Parcela que era de propiedad de la v\u00edctima.  Carabineros alert\u00f3 de ello a la CNI, quienes fueron a allanar ese inmueble.  Al identificarse, un individuo desde el interior les lanz\u00f3 una bomba y huy\u00f3.  Lo persiguieron por el jard\u00edn y antes de ingresar a la casa hubo una segunda explosi\u00f3n en su interior, la que rompi\u00f3 todos sus ventanales.  Luego encontraron a la v\u00edctima ya muerta en el ba\u00f1o y detuvieron al otro individuo.\r\n\r\nSe encuentran en poder de esta Comisi\u00f3n antecedentes que permiten afirmar la falsedad de esta versi\u00f3n. Existe constancia en el proceso judicial que a diferencia de lo informado oficialmente, fue un agente de la CNI el que concurri\u00f3 a la Tenencia de Carabineros de Tierras Blancas comunicando la supuesta explosi\u00f3n y pidiendo se le facilitara tomar contacto con la central de su servicio, no siendo entonces Carabineros los que llamaron a la CNI.  No resulta, por lo dem\u00e1s, veros\u00edmil que la \u00fanica persona que escuchara la explosi\u00f3n que gener\u00f3 el incidente haya sido precisamente un agente de la CNI; tampoco lo es el hecho que a continuaci\u00f3n del operativo se dirigiera directamente a la casa de la v\u00edctima, cuando consta que no ten\u00edan ning\u00fan elemento que les indicara que all\u00ed se hab\u00eda producido. \r\n\r\nLa autopsia se\u00f1ala la posibilidad de que la muerte se haya producido por una acci\u00f3n de terceros. Cuando se quiso verificar esta hip\u00f3tesis, realizando una nueva necropsia del cuerpo para apreciar el estado en que quedaron las manos de la v\u00edctima y ver si \u00e9l era quien manipulaba el artefacto explosivo, \u00e9stas desaparecieron misteriosamente luego de la exhumaci\u00f3n del cad\u00e1ver, no logr\u00e1ndose realizar el peritaje sobre ellas.\r\n\r\nEn la investigaci\u00f3n judicial, el juez que conoci\u00f3 de ella se declar\u00f3 incompetente al determinar que hab\u00eda personas con fuero militar comprometidas en los hechos.\r\n\r\nTodos estos elementos, unidos a la circunstancia que la utilizaci\u00f3n de tales m\u00e9todos violentos no se corresponde con la actitud de la \u00e9poca de los militantes del PS, le forman convicci\u00f3n a la Comisi\u00f3n de que Daniel Acu\u00f1a fue ejecutado por efectivos de la CNI.\t","protected":false},"excerpt":{"rendered":"<p>\tDaniel Acu\u00f1a Sep\u00falveda, 69 a\u00f1os, funcionario p\u00fablico, militante del Partido Socialista. Muerto el 13 agosto de 1979 en Coquimbo.\t &hellip; <a href=\"https:\/\/interactivos.museodelamemoria.cl\/victims\/?p=2892\" class=\"more-link\"><span class=\"readmore\">Averigua m\u00e1s acerca de esta v\u00edctima&#8230;<span class=\"screen-reader-text\">ACU\u00d1A SEPULVEDA DANIEL<\/span><\/span><\/a><\/p>\n","protected":false},"author":1,"featured_media":0,"comment_status":"open","ping_status":"open","sticky":false,"template":"","format":"standard","meta":{"footnotes":""},"categories":[5],"tags":[],"class_list":["post-2892","post","type-post","status-publish","format-standard","hentry","category-ejecutado-politico"],"_links":{"self":[{"href":"https:\/\/interactivos.museodelamemoria.cl\/victims\/index.php?rest_route=\/wp\/v2\/posts\/2892"}],"collection":[{"href":"https:\/\/interactivos.museodelamemoria.cl\/victims\/index.php?rest_route=\/wp\/v2\/posts"}],"about":[{"href":"https:\/\/interactivos.museodelamemoria.cl\/victims\/index.php?rest_route=\/wp\/v2\/types\/post"}],"author":[{"embeddable":true,"href":"https:\/\/interactivos.museodelamemoria.cl\/victims\/index.php?rest_route=\/wp\/v2\/users\/1"}],"replies":[{"embeddable":true,"href":"https:\/\/interactivos.museodelamemoria.cl\/victims\/index.php?rest_route=%2Fwp%2Fv2%2Fcomments&post=2892"}],"version-history":[{"count":0,"href":"https:\/\/interactivos.museodelamemoria.cl\/victims\/index.php?rest_route=\/wp\/v2\/posts\/2892\/revisions"}],"wp:attachment":[{"href":"https:\/\/interactivos.museodelamemoria.cl\/victims\/index.php?rest_route=%2Fwp%2Fv2%2Fmedia&parent=2892"}],"wp:term":[{"taxonomy":"category","embeddable":true,"href":"https:\/\/interactivos.museodelamemoria.cl\/victims\/index.php?rest_route=%2Fwp%2Fv2%2Fcategories&post=2892"},{"taxonomy":"post_tag","embeddable":true,"href":"https:\/\/interactivos.museodelamemoria.cl\/victims\/index.php?rest_route=%2Fwp%2Fv2%2Ftags&post=2892"}],"curies":[{"name":"wp","href":"https:\/\/api.w.org\/{rel}","templated":true}]}}