{"id":2900,"date":"2013-04-01T00:00:00","date_gmt":"2013-04-01T00:00:00","guid":{"rendered":""},"modified":"2013-04-01T00:00:00","modified_gmt":"2013-04-01T00:00:00","slug":"victima-1","status":"publish","type":"post","link":"https:\/\/interactivos.museodelamemoria.cl\/victims\/?p=2900","title":{"rendered":"ABARCA ALARCON RAMON ALFONSO"},"content":{"rendered":"<hr class=\"wp-block-separator has-text-color has-white-color has-alpha-channel-opacity has-white-background-color has-background is-style-default\"\/><p><strong>Instancia Calificadora:<\/strong> CNRR violaci\u00f3n de DDHH<\/p><p><strong>Militancia:<\/strong> Sin Militancia<\/p><p><strong>Regi\u00f3n:<\/strong> RM Metropolitana<\/p><p><strong>Ciudad:<\/strong> SANTIAGO<\/p><p><strong>Comuna:<\/strong> <\/p><p><strong>Fecha Detenci\u00f3n\/Muerte:<\/strong> 16-09-1983<\/p><p><strong>Ocupaci\u00f3n:<\/strong> ESTUDIANTE ENSE\u00d1ANZA MEDIA<\/p><p><strong>Edad:<\/strong> 17<\/p>\n<hr class=\"wp-block-separator has-text-color has-white-color has-alpha-channel-opacity has-white-background-color has-background is-style-default\"\/>\tRam\u00f3n Alfonso Abarca Alarc\u00f3n muri\u00f3 ese d\u00eda a las 2:30 horas, en la Posta Central, por m\u00faltiples y extensas quemaduras cut\u00e1neas de tercer grado que comprometieron la cabeza, el tronco y las extremidades, como lo acredita el Certificado M\u00e9dico de Defunci\u00f3n del Instituto M\u00e9dico Legal.  \r\n\r\nDe acuerdo con declaraciones de testigos, el 11 de septiembre de ese a\u00f1o, Ram\u00f3n Abarca se encontraba en la ferreter\u00eda de un familiar ubicada en calle Salvador Guti\u00e9rrez, comuna de Cerro Navia.\r\n\r\nAproximadamente a las 22:00 horas, mientras en los alrededores algunos grupos de j\u00f3venes realizaban fogatas y encend\u00edan neum\u00e1ticos, cuatro personas de civil, cuya identidad no pudo ser establecida, descendieron de un autom\u00f3vil frente a la ferreter\u00eda, descerrajaron las cortinas del inmueble y arrojaron un l\u00edquido hacia el interior, causando un incendio de proporciones. \r\n\r\nRam\u00f3n Abarca se refugi\u00f3 en el entretecho del inmueble, desde donde fue rescatado por vecinos con graves quemaduras y conducido a la Posta Central. Falleci\u00f3 en ese lugar cinco d\u00edas despu\u00e9s.\r\n\r\nConsiderando los antecedentes reunidos y la investigaci\u00f3n realizada por esta Corporaci\u00f3n, el Consejo Superior lleg\u00f3 a la convicci\u00f3n de que la muerte de Ram\u00f3n Alfonso Abarca Alarc\u00f3n fue consecuencia de actos de particulares por motivaci\u00f3n pol\u00edtica. En tal virtud, lo declar\u00f3 v\u00edctima de violaci\u00f3n de derechos humanos.\t","protected":false},"excerpt":{"rendered":"<p>\tRam\u00f3n Alfonso Abarca Alarc\u00f3n, 17 a\u00f1os, estudiante de ense\u00f1anza media. Muerto el 16 de septiembre de 1983 en Santiago.\t &hellip; <a href=\"https:\/\/interactivos.museodelamemoria.cl\/victims\/?p=2900\" class=\"more-link\"><span class=\"readmore\">Averigua m\u00e1s acerca de esta v\u00edctima&#8230;<span class=\"screen-reader-text\">ABARCA ALARCON RAMON ALFONSO<\/span><\/span><\/a><\/p>\n","protected":false},"author":1,"featured_media":0,"comment_status":"open","ping_status":"open","sticky":false,"template":"","format":"standard","meta":{"footnotes":""},"categories":[5],"tags":[],"class_list":["post-2900","post","type-post","status-publish","format-standard","hentry","category-ejecutado-politico"],"_links":{"self":[{"href":"https:\/\/interactivos.museodelamemoria.cl\/victims\/index.php?rest_route=\/wp\/v2\/posts\/2900"}],"collection":[{"href":"https:\/\/interactivos.museodelamemoria.cl\/victims\/index.php?rest_route=\/wp\/v2\/posts"}],"about":[{"href":"https:\/\/interactivos.museodelamemoria.cl\/victims\/index.php?rest_route=\/wp\/v2\/types\/post"}],"author":[{"embeddable":true,"href":"https:\/\/interactivos.museodelamemoria.cl\/victims\/index.php?rest_route=\/wp\/v2\/users\/1"}],"replies":[{"embeddable":true,"href":"https:\/\/interactivos.museodelamemoria.cl\/victims\/index.php?rest_route=%2Fwp%2Fv2%2Fcomments&post=2900"}],"version-history":[{"count":0,"href":"https:\/\/interactivos.museodelamemoria.cl\/victims\/index.php?rest_route=\/wp\/v2\/posts\/2900\/revisions"}],"wp:attachment":[{"href":"https:\/\/interactivos.museodelamemoria.cl\/victims\/index.php?rest_route=%2Fwp%2Fv2%2Fmedia&parent=2900"}],"wp:term":[{"taxonomy":"category","embeddable":true,"href":"https:\/\/interactivos.museodelamemoria.cl\/victims\/index.php?rest_route=%2Fwp%2Fv2%2Fcategories&post=2900"},{"taxonomy":"post_tag","embeddable":true,"href":"https:\/\/interactivos.museodelamemoria.cl\/victims\/index.php?rest_route=%2Fwp%2Fv2%2Ftags&post=2900"}],"curies":[{"name":"wp","href":"https:\/\/api.w.org\/{rel}","templated":true}]}}