{"id":2905,"date":"2013-04-01T00:00:00","date_gmt":"2013-04-01T00:00:00","guid":{"rendered":""},"modified":"2013-04-01T00:00:00","modified_gmt":"2013-04-01T00:00:00","slug":"victima-1","status":"publish","type":"post","link":"https:\/\/interactivos.museodelamemoria.cl\/victims\/?p=2905","title":{"rendered":"ACU\u00d1A ALVAREZ CARLOS PATRICIO"},"content":{"rendered":"<hr class=\"wp-block-separator has-text-color has-white-color has-alpha-channel-opacity has-white-background-color has-background is-style-default\"\/><p><strong>Instancia Calificadora:<\/strong> CVR violaci\u00f3n de DDHH<\/p><p><strong>Militancia:<\/strong> PS<\/p><p><strong>Regi\u00f3n:<\/strong> II Antofagasta<\/p><p><strong>Ciudad:<\/strong> ANTOFAGASTA<\/p><p><strong>Comuna:<\/strong> <\/p><p><strong>Fecha Detenci\u00f3n\/Muerte:<\/strong> 13-10-1973<\/p><p><strong>Ocupaci\u00f3n:<\/strong> SUPERVISOR MINERAL CHUQUICAMATA<\/p><p><strong>Edad:<\/strong> 26<\/p>\n<hr class=\"wp-block-separator has-text-color has-white-color has-alpha-channel-opacity has-white-background-color has-background is-style-default\"\/>\tEl 13 de octubre de 1973 fue ejecutado por efectivos militares Carlos Patricio ACU\u00d1A ALVAREZ, de 26 a\u00f1os de edad, encargado de protecci\u00f3n industrial en Cobrechuqui, militante socialista.  El afectado se present\u00f3 voluntariamente el d\u00eda 11 de septiembre ante las autoridades militares, permaneciendo arrestado por unos d\u00edas en la C\u00e1rcel de Calama, para luego ser trasladado a la de Antofagasta, siempre incomunicado.\r\n\r\nSu familia afirma que el 13 de octubre fue ejecutado en el recinto de la C\u00e1rcel P\u00fablica de Antofagasta.  El mismo d\u00eda y lugar registran su certificado de defunci\u00f3n, explic\u00e1ndosele que se hab\u00eda celebrado un Consejo de Guerra en su contra.  Sus restos fueron entregados a la familia.\r\n\r\nSin perjuicio de esa informaci\u00f3n verbal, la Comisi\u00f3n adquiri\u00f3 la convicci\u00f3n de que la muerte de Carlos Acu\u00f1a correspondi\u00f3 a una ejecuci\u00f3n al margen de toda legalidad, de responsabilidad de agentes del Estado, viol\u00e1ndose sus derechos esenciales.  Fundamenta su convicci\u00f3n en las siguientes circunstancias:\r\n\r\n&#8211; la inexistencia de cualquier antecedente   a pesar de que fuera solicitado a la autoridad correspondiente   que indique que efectivamente se hubiese celebrado un Consejo de Guerra en contra del afectado; y\r\n\r\n&#8211; que en el evento que hubiese existido alguna forma de enjuiciamiento en contra de Carlos Acu\u00f1a, \u00e9ste no cont\u00f3 con asistencia de abogado ni con el menor derecho a la defensa.\t","protected":false},"excerpt":{"rendered":"<p>\tCarlos Patricio Acu\u00f1a \u00c1lvarez, 26 a\u00f1os, encargado de protecci\u00f3n industrial en Cobrechuqui, militante del Partido Socialista. Muerto el 13 de octubre de 1973 en Atofagasta. \t &hellip; <a href=\"https:\/\/interactivos.museodelamemoria.cl\/victims\/?p=2905\" class=\"more-link\"><span class=\"readmore\">Averigua m\u00e1s acerca de esta v\u00edctima&#8230;<span class=\"screen-reader-text\">ACU\u00d1A ALVAREZ CARLOS PATRICIO<\/span><\/span><\/a><\/p>\n","protected":false},"author":1,"featured_media":0,"comment_status":"open","ping_status":"open","sticky":false,"template":"","format":"standard","meta":{"footnotes":""},"categories":[5],"tags":[],"class_list":["post-2905","post","type-post","status-publish","format-standard","hentry","category-ejecutado-politico"],"_links":{"self":[{"href":"https:\/\/interactivos.museodelamemoria.cl\/victims\/index.php?rest_route=\/wp\/v2\/posts\/2905"}],"collection":[{"href":"https:\/\/interactivos.museodelamemoria.cl\/victims\/index.php?rest_route=\/wp\/v2\/posts"}],"about":[{"href":"https:\/\/interactivos.museodelamemoria.cl\/victims\/index.php?rest_route=\/wp\/v2\/types\/post"}],"author":[{"embeddable":true,"href":"https:\/\/interactivos.museodelamemoria.cl\/victims\/index.php?rest_route=\/wp\/v2\/users\/1"}],"replies":[{"embeddable":true,"href":"https:\/\/interactivos.museodelamemoria.cl\/victims\/index.php?rest_route=%2Fwp%2Fv2%2Fcomments&post=2905"}],"version-history":[{"count":0,"href":"https:\/\/interactivos.museodelamemoria.cl\/victims\/index.php?rest_route=\/wp\/v2\/posts\/2905\/revisions"}],"wp:attachment":[{"href":"https:\/\/interactivos.museodelamemoria.cl\/victims\/index.php?rest_route=%2Fwp%2Fv2%2Fmedia&parent=2905"}],"wp:term":[{"taxonomy":"category","embeddable":true,"href":"https:\/\/interactivos.museodelamemoria.cl\/victims\/index.php?rest_route=%2Fwp%2Fv2%2Fcategories&post=2905"},{"taxonomy":"post_tag","embeddable":true,"href":"https:\/\/interactivos.museodelamemoria.cl\/victims\/index.php?rest_route=%2Fwp%2Fv2%2Ftags&post=2905"}],"curies":[{"name":"wp","href":"https:\/\/api.w.org\/{rel}","templated":true}]}}