{"id":2909,"date":"2013-04-01T00:00:00","date_gmt":"2013-04-01T00:00:00","guid":{"rendered":""},"modified":"2013-04-01T00:00:00","modified_gmt":"2013-04-01T00:00:00","slug":"victima-1","status":"publish","type":"post","link":"https:\/\/interactivos.museodelamemoria.cl\/victims\/?p=2909","title":{"rendered":"AGUIRRE DOMITILA DE LAS MERCEDES"},"content":{"rendered":"<hr class=\"wp-block-separator has-text-color has-white-color has-alpha-channel-opacity has-white-background-color has-background is-style-default\"\/><p><strong>Instancia Calificadora:<\/strong> CNRR violencia pol\u00edtica<\/p><p><strong>Militancia:<\/strong> Sin Militancia<\/p><p><strong>Regi\u00f3n:<\/strong> IX Araucan\u00eda<\/p><p><strong>Ciudad:<\/strong> MALLECO<\/p><p><strong>Comuna:<\/strong> ANGOL<\/p><p><strong>Fecha Detenci\u00f3n\/Muerte:<\/strong> 26-10-1973<\/p><p><strong>Ocupaci\u00f3n:<\/strong> DUE\u00d1A DE CASA<\/p><p><strong>Edad:<\/strong> 53<\/p>\n<hr class=\"wp-block-separator has-text-color has-white-color has-alpha-channel-opacity has-white-background-color has-background is-style-default\"\/>\tDomitila de las Mercedes Aguirre muri\u00f3 ese d\u00eda a la 1:30 horas, en la v\u00eda p\u00fablica, Tijeral, Montt s\/n, por hemopericardio, ruptura de miocardio y pulmonar izquierdo, herida de bala, como  acredita la respectiva inscripci\u00f3n de Defunci\u00f3n ordenada por el Juzgado del Crimen de Angol.\r\n\r\nDe acuerdo con lo se\u00f1alado por su c\u00f3nyuge, Domitila Aguirre se encontraba de paso en la ciudad de Angol. Sus familiares, que resid\u00edan en Santiago, fueron avisados de su muerte. Uno de ellos se\u00f1al\u00f3 que, al efectuar el reconocimiento en la Morgue local, el m\u00e9dico que practic\u00f3 la autopsia les inform\u00f3 que el proyectil que le caus\u00f3 la muerte era de aquellos usados por las Fuerzas Armadas.\r\n\r\nConsiderando los antecedentes reunidos y la investigaci\u00f3n realizada, el Consejo Superior, si bien no pudo determinar los motivos precisos de su muerte, atendiendo a la \u00e9poca y causa de ella declar\u00f3 a Domitila de las Mercedes Aguirre v\u00edctima de la violencia pol\u00edtica imperante.\t","protected":false},"excerpt":{"rendered":"<p>\tDomitila de las Mercedes Aguirre, 53 a\u00f1os. Muerta el 24 de octubre de 1973 en Angol.\t &hellip; <a href=\"https:\/\/interactivos.museodelamemoria.cl\/victims\/?p=2909\" class=\"more-link\"><span class=\"readmore\">Averigua m\u00e1s acerca de esta v\u00edctima&#8230;<span class=\"screen-reader-text\">AGUIRRE DOMITILA DE LAS MERCEDES<\/span><\/span><\/a><\/p>\n","protected":false},"author":1,"featured_media":0,"comment_status":"open","ping_status":"open","sticky":false,"template":"","format":"standard","meta":{"footnotes":""},"categories":[5],"tags":[],"class_list":["post-2909","post","type-post","status-publish","format-standard","hentry","category-ejecutado-politico"],"_links":{"self":[{"href":"https:\/\/interactivos.museodelamemoria.cl\/victims\/index.php?rest_route=\/wp\/v2\/posts\/2909"}],"collection":[{"href":"https:\/\/interactivos.museodelamemoria.cl\/victims\/index.php?rest_route=\/wp\/v2\/posts"}],"about":[{"href":"https:\/\/interactivos.museodelamemoria.cl\/victims\/index.php?rest_route=\/wp\/v2\/types\/post"}],"author":[{"embeddable":true,"href":"https:\/\/interactivos.museodelamemoria.cl\/victims\/index.php?rest_route=\/wp\/v2\/users\/1"}],"replies":[{"embeddable":true,"href":"https:\/\/interactivos.museodelamemoria.cl\/victims\/index.php?rest_route=%2Fwp%2Fv2%2Fcomments&post=2909"}],"version-history":[{"count":0,"href":"https:\/\/interactivos.museodelamemoria.cl\/victims\/index.php?rest_route=\/wp\/v2\/posts\/2909\/revisions"}],"wp:attachment":[{"href":"https:\/\/interactivos.museodelamemoria.cl\/victims\/index.php?rest_route=%2Fwp%2Fv2%2Fmedia&parent=2909"}],"wp:term":[{"taxonomy":"category","embeddable":true,"href":"https:\/\/interactivos.museodelamemoria.cl\/victims\/index.php?rest_route=%2Fwp%2Fv2%2Fcategories&post=2909"},{"taxonomy":"post_tag","embeddable":true,"href":"https:\/\/interactivos.museodelamemoria.cl\/victims\/index.php?rest_route=%2Fwp%2Fv2%2Ftags&post=2909"}],"curies":[{"name":"wp","href":"https:\/\/api.w.org\/{rel}","templated":true}]}}