{"id":2916,"date":"2013-04-01T00:00:00","date_gmt":"2013-04-01T00:00:00","guid":{"rendered":""},"modified":"2013-04-01T00:00:00","modified_gmt":"2013-04-01T00:00:00","slug":"victima-1","status":"publish","type":"post","link":"https:\/\/interactivos.museodelamemoria.cl\/victims\/?p=2916","title":{"rendered":"ALBORNOZ MUQUILLAZA CLAUDIA MARCELA"},"content":{"rendered":"<hr class=\"wp-block-separator has-text-color has-white-color has-alpha-channel-opacity has-white-background-color has-background is-style-default\"\/><p><strong>Instancia Calificadora:<\/strong> CVR violaci\u00f3n de DDHH<\/p><p><strong>Militancia:<\/strong> Sin Militancia<\/p><p><strong>Regi\u00f3n:<\/strong> RM Metropolitana<\/p><p><strong>Ciudad:<\/strong> SANTIAGO<\/p><p><strong>Comuna:<\/strong> <\/p><p><strong>Fecha Detenci\u00f3n\/Muerte:<\/strong> 05-01-1989<\/p><p><strong>Ocupaci\u00f3n:<\/strong> DUE\u00d1A DE CASA<\/p><p><strong>Edad:<\/strong> 20<\/p>\n<hr class=\"wp-block-separator has-text-color has-white-color has-alpha-channel-opacity has-white-background-color has-background is-style-default\"\/>\tEl 5 de enero de 1989 muri\u00f3 Claudia Marcela ALBORNOZ MUQUILLAZA, de 20 a\u00f1os de edad, due\u00f1a de casa.\r\n\r\nEl 14 de diciembre del a\u00f1o anterior, la afectada se movilizaba en un bus de locomoci\u00f3n colectiva, junto a su c\u00f3nyuge y una peque\u00f1a hija.  Cuando se encontraba a la altura de Quilpu\u00e9, en uno de los asientos traseros comenz\u00f3 a salir humo, de acuerdo a lo se\u00f1alado por testigos presenciales y en pocos segundos una bomba incendiaria explot\u00f3.  La puerta del veh\u00edculo se tranc\u00f3.  Los pasajeros trataron de salir por las ventanas.  La afectada qued\u00f3 atrapada en una de ellas, resultando sus extremidades y parte del tronco con quemaduras de segundo y tercer grado.  Fue llevada a un Hospital de Vi\u00f1a del Mar y luego a la Posta Central de Santiago, donde fue sometida a tratamiento m\u00e9dico durante tres semanas, pese a lo cual falleci\u00f3.\r\n\r\nConsiderando que el atentado incendiario de un veh\u00edculo de locomoci\u00f3n colectiva puede calificarse como un acto terrorista que se explica dentro de un contexto de acciones similares de conflicto pol\u00edtico, la Comisi\u00f3n se form\u00f3 convicci\u00f3n que Claudia Albornoz fue v\u00edctima de violaci\u00f3n de sus derechos humanos, en un atentado terrorista realizado por particulares que actuaron bajo motivaciones pol\u00edticas.\t","protected":false},"excerpt":{"rendered":"<p>\tClaudia Marcela Albornoz Muquillaza, 20 a\u00f1os, due\u00f1a de casa. Muerta el 5 de enero de 1989 en Santiago. \t &hellip; <a href=\"https:\/\/interactivos.museodelamemoria.cl\/victims\/?p=2916\" class=\"more-link\"><span class=\"readmore\">Averigua m\u00e1s acerca de esta v\u00edctima&#8230;<span class=\"screen-reader-text\">ALBORNOZ MUQUILLAZA CLAUDIA MARCELA<\/span><\/span><\/a><\/p>\n","protected":false},"author":1,"featured_media":0,"comment_status":"open","ping_status":"open","sticky":false,"template":"","format":"standard","meta":{"footnotes":""},"categories":[5],"tags":[],"class_list":["post-2916","post","type-post","status-publish","format-standard","hentry","category-ejecutado-politico"],"_links":{"self":[{"href":"https:\/\/interactivos.museodelamemoria.cl\/victims\/index.php?rest_route=\/wp\/v2\/posts\/2916"}],"collection":[{"href":"https:\/\/interactivos.museodelamemoria.cl\/victims\/index.php?rest_route=\/wp\/v2\/posts"}],"about":[{"href":"https:\/\/interactivos.museodelamemoria.cl\/victims\/index.php?rest_route=\/wp\/v2\/types\/post"}],"author":[{"embeddable":true,"href":"https:\/\/interactivos.museodelamemoria.cl\/victims\/index.php?rest_route=\/wp\/v2\/users\/1"}],"replies":[{"embeddable":true,"href":"https:\/\/interactivos.museodelamemoria.cl\/victims\/index.php?rest_route=%2Fwp%2Fv2%2Fcomments&post=2916"}],"version-history":[{"count":0,"href":"https:\/\/interactivos.museodelamemoria.cl\/victims\/index.php?rest_route=\/wp\/v2\/posts\/2916\/revisions"}],"wp:attachment":[{"href":"https:\/\/interactivos.museodelamemoria.cl\/victims\/index.php?rest_route=%2Fwp%2Fv2%2Fmedia&parent=2916"}],"wp:term":[{"taxonomy":"category","embeddable":true,"href":"https:\/\/interactivos.museodelamemoria.cl\/victims\/index.php?rest_route=%2Fwp%2Fv2%2Fcategories&post=2916"},{"taxonomy":"post_tag","embeddable":true,"href":"https:\/\/interactivos.museodelamemoria.cl\/victims\/index.php?rest_route=%2Fwp%2Fv2%2Ftags&post=2916"}],"curies":[{"name":"wp","href":"https:\/\/api.w.org\/{rel}","templated":true}]}}