{"id":2927,"date":"2013-04-01T00:00:00","date_gmt":"2013-04-01T00:00:00","guid":{"rendered":""},"modified":"2024-09-09T19:20:47","modified_gmt":"2024-09-09T19:20:47","slug":"victima-1-1072","status":"publish","type":"post","link":"https:\/\/interactivos.museodelamemoria.cl\/victims\/?p=2927","title":{"rendered":"ALSINA HURTOS JUAN"},"content":{"rendered":"<hr class=\"wp-block-separator has-text-color has-white-color has-alpha-channel-opacity has-white-background-color has-background is-style-default\"\/><p><strong>Instancia Calificadora:<\/strong> CVR violaci\u00f3n de DDHH<\/p><p><strong>Militancia:<\/strong> Sin Militancia<\/p><p><strong>Regi\u00f3n:<\/strong> RM Metropolitana<\/p><p><strong>Ciudad:<\/strong> SANTIAGO<\/p><p><strong>Comuna:<\/strong> <\/p><p><strong>Fecha Detenci\u00f3n\/Muerte:<\/strong> 19-09-1973<\/p><p><strong>Ocupaci\u00f3n:<\/strong> SACERDOTE, JEFE PERSONAL HOSPITAL SAN JUAN DE DIOS<\/p><p><strong>Edad:<\/strong> 31<\/p>\n<hr class=\"wp-block-separator has-text-color has-white-color has-alpha-channel-opacity has-white-background-color has-background is-style-default\"\/><p>Juan ALSINA HURTOS, espa\u00f1ol, 31 a\u00f1os, sacerdote cat\u00f3lico, quien ejerc\u00eda su ministerio en la Parroquia San Ignacio de San Bernardo y se desempe\u00f1aba como Jefe de Personal del Hospital San Juan de Dios, fue ejecutado el 19 de septiembre.<\/p>\n<p>Fue detenido en los subterr\u00e1neos del Hospital por efectivos del Regimiento Yungay de San Felipe.  Luego fue llevado al patio del Hospital donde permanece largo rato.  Conducido al Instituto Diego Barros Arana y luego al R\u00edo Mapocho donde es ejecutado el mismo d\u00eda. El d\u00eda 27 es encontrado su cuerpo en el Instituto M\u00e9dico Legal; es sepultado al d\u00eda siguiente en el Cementerio Parroquial de San Bernardo.  El certificado de defunci\u00f3n consigna como lugar de la muerte el puente Bulnes sobre el r\u00edo Mapocho, e indica como causa de la misma :\u00bb m\u00faltiples heridas de bala\u00bb y \u00bb lesiones apergaminadas en la cara\u00bb.  <\/p>\n<p>La Comisi\u00f3n adquiri\u00f3, conforme al m\u00e9rito de los testimonios y antecedentes recibidos, la convicci\u00f3n de que la ejecuci\u00f3n del sacerdote Juan Alsina Hurtos constituye una violaci\u00f3n de sus derechos, siendo responsables de ello agentes del Estado.<\/p>\n\n\n<blockquote class=\"wp-block-quote is-layout-flow wp-block-quote-is-layout-flow\">\n<hr class=\"wp-block-separator has-alpha-channel-opacity\"\/>\n<cite><br>Para revisar informaci\u00f3n judicial sobre esta persona acceda al repositorio del Proyecto Expedientes de la Represi\u00f3n, que recopila las sentencias judiciales dictadas en los procesos penales ya concluidos por violaciones de derechos humanos cometidas durante la dictadura.<\/cite><\/blockquote>\n\n\n\n<figure class=\"wp-block-image size-full is-resized\"><a href=\"https:\/\/expedientesdelarepresion.cl\/causa\/juan-alsina-hurtos\/\" target=\"_blank\" rel=\"noreferrer noopener\"><img loading=\"lazy\" decoding=\"async\" width=\"126\" height=\"121\" src=\"https:\/\/interactivos.museodelamemoria.cl\/victimas\/wp-content\/uploads\/2024\/07\/logo-expedientes-de-la-represion_ok-e1721845389628.png\" alt=\"\" class=\"wp-image-5088\" style=\"width:117px;height:auto\"\/><\/a><\/figure>\n","protected":false},"excerpt":{"rendered":"<p>\tJuan Alsina Hurtos, 31 a\u00f1os, ciudadano espa\u00f1ol, sacerdote cat\u00f3lico, ejerc\u00eda su ministerio en la Parroquia San Ignacio de San Bernardo, Jefe de Personal del Hospital San Juan de Dios. Muerto el 19 de septiembre de 1973 en Santiago.\t &hellip; <a href=\"https:\/\/interactivos.museodelamemoria.cl\/victims\/?p=2927\" class=\"more-link\"><span class=\"readmore\">Averigua m\u00e1s acerca de esta v\u00edctima&#8230;<span class=\"screen-reader-text\">ALSINA HURTOS JUAN<\/span><\/span><\/a><\/p>\n","protected":false},"author":1,"featured_media":0,"comment_status":"open","ping_status":"open","sticky":false,"template":"","format":"standard","meta":{"footnotes":""},"categories":[5],"tags":[],"class_list":["post-2927","post","type-post","status-publish","format-standard","hentry","category-ejecutado-politico"],"_links":{"self":[{"href":"https:\/\/interactivos.museodelamemoria.cl\/victims\/index.php?rest_route=\/wp\/v2\/posts\/2927"}],"collection":[{"href":"https:\/\/interactivos.museodelamemoria.cl\/victims\/index.php?rest_route=\/wp\/v2\/posts"}],"about":[{"href":"https:\/\/interactivos.museodelamemoria.cl\/victims\/index.php?rest_route=\/wp\/v2\/types\/post"}],"author":[{"embeddable":true,"href":"https:\/\/interactivos.museodelamemoria.cl\/victims\/index.php?rest_route=\/wp\/v2\/users\/1"}],"replies":[{"embeddable":true,"href":"https:\/\/interactivos.museodelamemoria.cl\/victims\/index.php?rest_route=%2Fwp%2Fv2%2Fcomments&post=2927"}],"version-history":[{"count":1,"href":"https:\/\/interactivos.museodelamemoria.cl\/victims\/index.php?rest_route=\/wp\/v2\/posts\/2927\/revisions"}],"predecessor-version":[{"id":7016,"href":"https:\/\/interactivos.museodelamemoria.cl\/victims\/index.php?rest_route=\/wp\/v2\/posts\/2927\/revisions\/7016"}],"wp:attachment":[{"href":"https:\/\/interactivos.museodelamemoria.cl\/victims\/index.php?rest_route=%2Fwp%2Fv2%2Fmedia&parent=2927"}],"wp:term":[{"taxonomy":"category","embeddable":true,"href":"https:\/\/interactivos.museodelamemoria.cl\/victims\/index.php?rest_route=%2Fwp%2Fv2%2Fcategories&post=2927"},{"taxonomy":"post_tag","embeddable":true,"href":"https:\/\/interactivos.museodelamemoria.cl\/victims\/index.php?rest_route=%2Fwp%2Fv2%2Ftags&post=2927"}],"curies":[{"name":"wp","href":"https:\/\/api.w.org\/{rel}","templated":true}]}}