{"id":2934,"date":"2013-04-01T00:00:00","date_gmt":"2013-04-01T00:00:00","guid":{"rendered":""},"modified":"2013-04-01T00:00:00","modified_gmt":"2013-04-01T00:00:00","slug":"victima-1","status":"publish","type":"post","link":"https:\/\/interactivos.museodelamemoria.cl\/victims\/?p=2934","title":{"rendered":"ALVEAR ESPINOSA JAVIER SEGUNDO"},"content":{"rendered":"<hr class=\"wp-block-separator has-text-color has-white-color has-alpha-channel-opacity has-white-background-color has-background is-style-default\"\/><p><strong>Instancia Calificadora:<\/strong> CVR violaci\u00f3n de DDHH<\/p><p><strong>Militancia:<\/strong> MIR<\/p><p><strong>Regi\u00f3n:<\/strong> VII Maule<\/p><p><strong>Ciudad:<\/strong> TALCA<\/p><p><strong>Comuna:<\/strong> PELARCO<\/p><p><strong>Fecha Detenci\u00f3n\/Muerte:<\/strong> 20-10-1973<\/p><p><strong>Ocupaci\u00f3n:<\/strong> MECANICO<\/p><p><strong>Edad:<\/strong> 32<\/p>\n<hr class=\"wp-block-separator has-text-color has-white-color has-alpha-channel-opacity has-white-background-color has-background is-style-default\"\/>\tEl 20 de octubre de 1973 muri\u00f3 Javier Segundo ALVEAR ESPINOSA, 32 a\u00f1os, obrero, dirigente poblacional y militante del Movimiento de Izquierda Revolucionaria (MIR).  Seg\u00fan ha se\u00f1alado su familia, el d\u00eda 15 de octubre \u00e9ste hab\u00eda pasado a la clandestinidad, siendo la \u00faltima oportunidad en que lo vieron con vida.  D\u00edas despu\u00e9s se enteraron que hab\u00eda muerto.  La noticia explicaba que hab\u00eda existido un enfrentamiento con militares.  \r\n\r\nLa versi\u00f3n oficial de los hechos, publicada en un medio de prensa dice: \u00abEl Gobierno anunci\u00f3 hoy la ejecuci\u00f3n de un mec\u00e1nico&#8230;\u00bb.  Agrega la prensa: \u00bb &#8230;  El mec\u00e1nico ejecutado fue identificado como Javier Alvear Espinoza, de 32 a\u00f1os de edad, a quien se acus\u00f3 de agredir a una patrulla policial en Pelarco, peque\u00f1o pueblo de la provincia agr\u00edcola de Talca.  Se dijo que al ser detenido por una patrulla militar ten\u00eda planos de caminos y cuarteles, armas y municiones\u00bb.  \r\n\r\nA esta Comisi\u00f3n le resulta inveros\u00edmil que en octubre de 1973 una persona hubiera intentado agredir a una patrulla policial, en forma individual.  Pero aunque ello hubiera ocurrido, nada permite justificar que dicha patrulla, luego de aprehenderlo, como se desprende de la versi\u00f3n oficial, lo hubiere ejecutado al margen de todo proceso.  En consecuencia, esta Comisi\u00f3n se ha formado convicci\u00f3n que al ejecutar a Javier Alvear los agentes del Estado violaron sus derechos humanos.\t","protected":false},"excerpt":{"rendered":"<p>\tJavier Segundo Alvear Espinoza, 32 a\u00f1os, obrero, dirigente poblacional y militante del Movimiento de Izquierda Revolucionaria (MIR). Muerto el 20 de octubre de 1973 en Pelarco.\t &hellip; <a href=\"https:\/\/interactivos.museodelamemoria.cl\/victims\/?p=2934\" class=\"more-link\"><span class=\"readmore\">Averigua m\u00e1s acerca de esta v\u00edctima&#8230;<span class=\"screen-reader-text\">ALVEAR ESPINOSA JAVIER SEGUNDO<\/span><\/span><\/a><\/p>\n","protected":false},"author":1,"featured_media":0,"comment_status":"open","ping_status":"open","sticky":false,"template":"","format":"standard","meta":{"footnotes":""},"categories":[5],"tags":[],"class_list":["post-2934","post","type-post","status-publish","format-standard","hentry","category-ejecutado-politico"],"_links":{"self":[{"href":"https:\/\/interactivos.museodelamemoria.cl\/victims\/index.php?rest_route=\/wp\/v2\/posts\/2934"}],"collection":[{"href":"https:\/\/interactivos.museodelamemoria.cl\/victims\/index.php?rest_route=\/wp\/v2\/posts"}],"about":[{"href":"https:\/\/interactivos.museodelamemoria.cl\/victims\/index.php?rest_route=\/wp\/v2\/types\/post"}],"author":[{"embeddable":true,"href":"https:\/\/interactivos.museodelamemoria.cl\/victims\/index.php?rest_route=\/wp\/v2\/users\/1"}],"replies":[{"embeddable":true,"href":"https:\/\/interactivos.museodelamemoria.cl\/victims\/index.php?rest_route=%2Fwp%2Fv2%2Fcomments&post=2934"}],"version-history":[{"count":0,"href":"https:\/\/interactivos.museodelamemoria.cl\/victims\/index.php?rest_route=\/wp\/v2\/posts\/2934\/revisions"}],"wp:attachment":[{"href":"https:\/\/interactivos.museodelamemoria.cl\/victims\/index.php?rest_route=%2Fwp%2Fv2%2Fmedia&parent=2934"}],"wp:term":[{"taxonomy":"category","embeddable":true,"href":"https:\/\/interactivos.museodelamemoria.cl\/victims\/index.php?rest_route=%2Fwp%2Fv2%2Fcategories&post=2934"},{"taxonomy":"post_tag","embeddable":true,"href":"https:\/\/interactivos.museodelamemoria.cl\/victims\/index.php?rest_route=%2Fwp%2Fv2%2Ftags&post=2934"}],"curies":[{"name":"wp","href":"https:\/\/api.w.org\/{rel}","templated":true}]}}