{"id":2935,"date":"2013-04-01T00:00:00","date_gmt":"2013-04-01T00:00:00","guid":{"rendered":""},"modified":"2013-04-01T00:00:00","modified_gmt":"2013-04-01T00:00:00","slug":"victima-1","status":"publish","type":"post","link":"https:\/\/interactivos.museodelamemoria.cl\/victims\/?p=2935","title":{"rendered":"ALVEAR ORTEGA JOSE ALADINO"},"content":{"rendered":"<hr class=\"wp-block-separator has-text-color has-white-color has-alpha-channel-opacity has-white-background-color has-background is-style-default\"\/><p><strong>Instancia Calificadora:<\/strong> CNRR violaci\u00f3n de DDHH<\/p><p><strong>Militancia:<\/strong> Sin Militancia<\/p><p><strong>Regi\u00f3n:<\/strong> IX Araucan\u00eda<\/p><p><strong>Ciudad:<\/strong> TEMUCO<\/p><p><strong>Comuna:<\/strong> TEMUCO<\/p><p><strong>Fecha Detenci\u00f3n\/Muerte:<\/strong> 09-12-1973<\/p><p><strong>Ocupaci\u00f3n:<\/strong> <\/p><p><strong>Edad:<\/strong> 25<\/p>\n<hr class=\"wp-block-separator has-text-color has-white-color has-alpha-channel-opacity has-white-background-color has-background is-style-default\"\/>\tJos\u00e9 Aladino Alvear Ortega muri\u00f3 ese d\u00eda, en la v\u00eda p\u00fablica, debido a un shock por anemia aguda, provocada por heridas m\u00faltiples de bala \u00abpor acci\u00f3n militar\u00bb (sic), seg\u00fan consigna el respectivo Certificado M\u00e9dico de Defunci\u00f3n del Instituto M\u00e9dico Legal. Igual menci\u00f3n aparece consignada en el Protocolo de Autopsia.\r\n\r\nUna copia del Protocolo de Autopsia se encuentra agregada a una investigaci\u00f3n iniciada en el Segundo Juzgado del Crimen de Temuco, por denuncia efectuada por la Comisi\u00f3n Nacional de Verdad y Reconciliaci\u00f3n por la desaparici\u00f3n de cinco personas. En este peritaje hay constancia de que en esa fecha el Instituto M\u00e9dico Legal envi\u00f3 el original del Protocolo a una Fiscal\u00eda Militar. \r\n\r\nConsultado el Cuarto Juzgado Militar de Valdivia, \u00e9ste inform\u00f3 que no registra los antecedentes solicitados por \u00abtratarse de hechos que habr\u00edan ocurrido durante un estado de excepci\u00f3n, cuyo conocimiento correspond\u00eda a Tribunales de Guerra\u00bb.\r\n\r\nEl Consejo Superior, considerando la \u00e9poca y causa de muerte, y especialmente la anotaci\u00f3n del Certificado M\u00e9dico de Defunci\u00f3n y del Protocolo de Autopsia en que se atribuye autor\u00eda a agentes del Estado, lleg\u00f3 a la convicci\u00f3n  de que Jos\u00e9 Aladino Alvear Ortega fue ejecutado al margen de proceso legal. En tal virtud, lo declar\u00f3 v\u00edctima de violaci\u00f3n de derechos humanos.\t","protected":false},"excerpt":{"rendered":"<p>\tJos\u00e9 Aladino Alvear Ortega, 26 a\u00f1os. Muerto el 9 de diciembre de 1973 en Temuco.\t &hellip; <a href=\"https:\/\/interactivos.museodelamemoria.cl\/victims\/?p=2935\" class=\"more-link\"><span class=\"readmore\">Averigua m\u00e1s acerca de esta v\u00edctima&#8230;<span class=\"screen-reader-text\">ALVEAR ORTEGA JOSE ALADINO<\/span><\/span><\/a><\/p>\n","protected":false},"author":1,"featured_media":0,"comment_status":"open","ping_status":"open","sticky":false,"template":"","format":"standard","meta":{"footnotes":""},"categories":[5],"tags":[],"class_list":["post-2935","post","type-post","status-publish","format-standard","hentry","category-ejecutado-politico"],"_links":{"self":[{"href":"https:\/\/interactivos.museodelamemoria.cl\/victims\/index.php?rest_route=\/wp\/v2\/posts\/2935"}],"collection":[{"href":"https:\/\/interactivos.museodelamemoria.cl\/victims\/index.php?rest_route=\/wp\/v2\/posts"}],"about":[{"href":"https:\/\/interactivos.museodelamemoria.cl\/victims\/index.php?rest_route=\/wp\/v2\/types\/post"}],"author":[{"embeddable":true,"href":"https:\/\/interactivos.museodelamemoria.cl\/victims\/index.php?rest_route=\/wp\/v2\/users\/1"}],"replies":[{"embeddable":true,"href":"https:\/\/interactivos.museodelamemoria.cl\/victims\/index.php?rest_route=%2Fwp%2Fv2%2Fcomments&post=2935"}],"version-history":[{"count":0,"href":"https:\/\/interactivos.museodelamemoria.cl\/victims\/index.php?rest_route=\/wp\/v2\/posts\/2935\/revisions"}],"wp:attachment":[{"href":"https:\/\/interactivos.museodelamemoria.cl\/victims\/index.php?rest_route=%2Fwp%2Fv2%2Fmedia&parent=2935"}],"wp:term":[{"taxonomy":"category","embeddable":true,"href":"https:\/\/interactivos.museodelamemoria.cl\/victims\/index.php?rest_route=%2Fwp%2Fv2%2Fcategories&post=2935"},{"taxonomy":"post_tag","embeddable":true,"href":"https:\/\/interactivos.museodelamemoria.cl\/victims\/index.php?rest_route=%2Fwp%2Fv2%2Ftags&post=2935"}],"curies":[{"name":"wp","href":"https:\/\/api.w.org\/{rel}","templated":true}]}}