{"id":2967,"date":"2013-04-01T00:00:00","date_gmt":"2013-04-01T00:00:00","guid":{"rendered":""},"modified":"2013-04-01T00:00:00","modified_gmt":"2013-04-01T00:00:00","slug":"victima-1","status":"publish","type":"post","link":"https:\/\/interactivos.museodelamemoria.cl\/victims\/?p=2967","title":{"rendered":"MU\u00d1OZ BIZAMA JOSE MIGUEL"},"content":{"rendered":"<hr class=\"wp-block-separator has-text-color has-white-color has-alpha-channel-opacity has-white-background-color has-background is-style-default\"\/><p><strong>Instancia Calificadora:<\/strong> CVR violaci\u00f3n de DDHH<\/p><p><strong>Militancia:<\/strong> MIR<\/p><p><strong>Regi\u00f3n:<\/strong> RM Metropolitana<\/p><p><strong>Ciudad:<\/strong> SANTIAGO<\/p><p><strong>Comuna:<\/strong> LA GRANJA<\/p><p><strong>Fecha Detenci\u00f3n\/Muerte:<\/strong> 17-10-1973<\/p><p><strong>Ocupaci\u00f3n:<\/strong> ESTUDIANTE CONSERVATORIO<\/p><p><strong>Edad:<\/strong> 21<\/p>\n<hr class=\"wp-block-separator has-text-color has-white-color has-alpha-channel-opacity has-white-background-color has-background is-style-default\"\/>\tEl 17 de octubre de 1973 desaparece Jos\u00e9 Miguel MU\u00d1OZ BIZAMA, 21 a\u00f1os, estudiante, militante del Movimiento de Izquierda Revolucionaria (MIR), tras ser detenido en su domicilio ubicado en la comuna de San Ram\u00f3n.  \r\n\r\nFue trasladado a la Escuela de Paracaidismo de Colina, donde se le mantuvo detenido y fue visto por testigos.  Desde entonces no se ha vuelto a saber de \u00e9l, a pesar de las m\u00faltiples gestiones realizadas por sus familiares para dar con su paradero.\r\n\r\nEsta Comisi\u00f3n ha adquirido la convicci\u00f3n que Jos\u00e9 Miguel Mu\u00f1oz fue detenido y hecho desaparecer por sus captores, agentes del Estado, lo que constituye una violaci\u00f3n a los derechos humanos.  Avalan especialmente esta convicci\u00f3n la militancia pol\u00edtica de la v\u00edctima, las circunstancias de su detenci\u00f3n y posterior reclusi\u00f3n desde donde se pierde todo rastro.\t","protected":false},"excerpt":{"rendered":"<p>\tJos\u00e9 Miguel Mu\u00f1oz Bizama, 21 a\u00f1os, estudiante, militante del Movimiento de Izquierda Revolucionaria (MIR). Detenido desaparecido desde el 17 de octubre de 1973 en Santiago. \t &hellip; <a href=\"https:\/\/interactivos.museodelamemoria.cl\/victims\/?p=2967\" class=\"more-link\"><span class=\"readmore\">Averigua m\u00e1s acerca de esta v\u00edctima&#8230;<span class=\"screen-reader-text\">MU\u00d1OZ BIZAMA JOSE MIGUEL<\/span><\/span><\/a><\/p>\n","protected":false},"author":1,"featured_media":0,"comment_status":"open","ping_status":"open","sticky":false,"template":"","format":"standard","meta":{"footnotes":""},"categories":[6],"tags":[],"class_list":["post-2967","post","type-post","status-publish","format-standard","hentry","category-detenido-desaparecido"],"_links":{"self":[{"href":"https:\/\/interactivos.museodelamemoria.cl\/victims\/index.php?rest_route=\/wp\/v2\/posts\/2967"}],"collection":[{"href":"https:\/\/interactivos.museodelamemoria.cl\/victims\/index.php?rest_route=\/wp\/v2\/posts"}],"about":[{"href":"https:\/\/interactivos.museodelamemoria.cl\/victims\/index.php?rest_route=\/wp\/v2\/types\/post"}],"author":[{"embeddable":true,"href":"https:\/\/interactivos.museodelamemoria.cl\/victims\/index.php?rest_route=\/wp\/v2\/users\/1"}],"replies":[{"embeddable":true,"href":"https:\/\/interactivos.museodelamemoria.cl\/victims\/index.php?rest_route=%2Fwp%2Fv2%2Fcomments&post=2967"}],"version-history":[{"count":0,"href":"https:\/\/interactivos.museodelamemoria.cl\/victims\/index.php?rest_route=\/wp\/v2\/posts\/2967\/revisions"}],"wp:attachment":[{"href":"https:\/\/interactivos.museodelamemoria.cl\/victims\/index.php?rest_route=%2Fwp%2Fv2%2Fmedia&parent=2967"}],"wp:term":[{"taxonomy":"category","embeddable":true,"href":"https:\/\/interactivos.museodelamemoria.cl\/victims\/index.php?rest_route=%2Fwp%2Fv2%2Fcategories&post=2967"},{"taxonomy":"post_tag","embeddable":true,"href":"https:\/\/interactivos.museodelamemoria.cl\/victims\/index.php?rest_route=%2Fwp%2Fv2%2Ftags&post=2967"}],"curies":[{"name":"wp","href":"https:\/\/api.w.org\/{rel}","templated":true}]}}