{"id":3064,"date":"2013-04-01T00:00:00","date_gmt":"2013-04-01T00:00:00","guid":{"rendered":""},"modified":"2026-08-24T17:43:46","modified_gmt":"2026-08-24T21:43:46","slug":"victima-1-1144","status":"publish","type":"post","link":"https:\/\/interactivos.museodelamemoria.cl\/victims\/?p=3064","title":{"rendered":"FLORES PEREZ JULIO FIDEL"},"content":{"rendered":"\n<hr class=\"wp-block-separator has-text-color has-white-color has-alpha-channel-opacity has-white-background-color has-background is-style-default\"\/>\n\n\n\n<div class=\"wp-block-gutena-tabs gutena-tabs-block gutena-tabs-block-37f50b-8f\"><ul class=\"gutena-tabs-tab tab-center\"><li class=\"gutena-tab-title active\" data-tab=\"1\"><div class=\"gutena-tab-title-content icon-top\"><div class=\"gutena-tab-title-text\"><div>Informe Rettig<\/div><\/div><\/div><\/li><li class=\"gutena-tab-title inactive\" data-tab=\"2\"><div class=\"gutena-tab-title-content icon-top\"><div class=\"gutena-tab-title-text\"><div>Actualizaci\u00f3n de relato<\/div><\/div><\/div><\/li><li class=\"gutena-tab-title inactive\" data-tab=\"3\"><div class=\"gutena-tab-title-content icon-top\"><div class=\"gutena-tab-title-text\"><div>Otras referencias <\/div><\/div><\/div><\/li><\/ul><div class=\"gutena-tabs-content is-layout-flow wp-block-tabs-is-layout-flow\">\n<div class=\"wp-block-gutena-tab gutena-tab-block gutena-tab-block-4121bc-27 active\" data-tab=\"1\"><p><strong>Instancia Calificadora:<\/strong> CVR violaci\u00f3n de DDHH<\/p><p><strong>Militancia:<\/strong> MIR<\/p><p><strong>Regi\u00f3n:<\/strong> RM Metropolitana<\/p><p><strong>Ciudad:<\/strong> SANTIAGO<\/p><p><strong>Comuna:<\/strong> LA CISTERNA<\/p><p><strong>Fecha Detenci\u00f3n\/Muerte:<\/strong> 10-01-1975<\/p><p><strong>Ocupaci\u00f3n:<\/strong> ESTUDIANTE UNIVERSITARIO<\/p><p><strong>Edad:<\/strong> 22<\/p>\n\n\n\n<p>El 10 de enero de 1975 fue detenido en su domicilio en Santiago el militante del MIR Julio Fidel FLORES PEREZ, por agentes de la DINA.<\/p>\n\n\n\n<p>Hay testigos de la permanencia del detenido en Villa Grimaldi, lugar desde el cual desapareci\u00f3 en poder de la DINA.<\/p>\n\n\n\n<p>La Comisi\u00f3n est\u00e1 convencida de que su desaparici\u00f3n fue obra de agentes del Estado, quienes violaron as\u00ed sus derechos humanos.<\/p>\n<\/div>\n\n\n\n<div class=\"wp-block-gutena-tab gutena-tab-block gutena-tab-block-1bb87a-c7 inactive\" data-tab=\"2\">\n<figure class=\"wp-block-table\"><table class=\"has-white-color has-text-color has-link-color has-fixed-layout\"><tbody><tr><td>Nombre: Julio Fidel Flores P\u00e9rez<\/td><td>Fecha de nacimiento: 3 de mayo de 1952<\/td><\/tr><tr><td>Familia: &nbsp;hijo de Julia P\u00e9rez y Lorenzo Flores, hermano de Arcadia Patricia Flores P\u00e9rez<\/td><td>Residencia: La Cisterna, Santiago<\/td><\/tr><tr><td>Actividad: Estudiante de Ingenier\u00eda en Minas en Universidad T\u00e9cnica del Estado<\/td><td>Militancia: Movimiento Izquierdista Revolucionaria (MIR)<\/td><\/tr><tr><td>Fecha de detenci\u00f3n: 10 de enero de 1975<\/td><td>Edad al momento de la detenci\u00f3n: 22 a\u00f1os<\/td><\/tr><tr><td>Organismo del estado responsable de la desaparici\u00f3n: &nbsp;Direcci\u00f3n de Inteligencia Nacional (DINA)<\/td><td><\/td><\/tr><\/tbody><\/table><\/figure>\n\n\n\n<p style=\"margin-top:0;margin-bottom:0\">Responsables, delitos y condenas: <strong>Juan Manuel Guillermo Contreras Sep\u00falveda<\/strong> y <strong>Pedro Octavio Espinoza Bravo<\/strong> condenados como autores de secuestro calificado a <strong>5 a\u00f1os<\/strong>. <strong>Marcelo Moren Brito<\/strong>, <strong>Rolf Gonzalo Wenderoth Pozo<\/strong>, <strong>Miguel Krassnoff Martchenko<\/strong> y <strong>Francisco Maximiliano Ferrer Lima <\/strong>condenados a <strong>4 a\u00f1os<\/strong> como coautores de secuestro calificados recibieron el beneficio de libertad vigilada. <strong>Basclay Humberto Zapata Reyes <\/strong>condenado como c\u00f3mplice a<strong> 3 a\u00f1os <\/strong>beneficiado con la remisi\u00f3n condicional; <strong>Osvaldo Romo Mena <\/strong>falleci\u00f3 durante el proceso judicial, por lo que fue <strong>sobrese\u00eddo<\/strong>.&nbsp;<\/p>\n\n\n\n<p>Caso colectivo: Operaci\u00f3n Colombo&nbsp;<\/p>\n\n\n\n<p style=\"margin-top:0;margin-bottom:0\">Caso Sentencia: N\u00ba2.182-983&nbsp;<\/p>\n\n\n\n<p style=\"margin-top:0;margin-bottom:0\"><\/p>\n\n\n\n<p>Responsables, delitos y condenas: Juan Manuel Guillermo Contreras Sep\u00falveda y Pedro Octavio Espinoza Bravo condenados como autores de secuestro calificado a 5 a\u00f1os. Marcelo Moren Brito, Rolf Gonzalo Wenderoth Pozo, Miguel Krassnoff Martchenko y Francisco Maximiliano Ferrer Lima condenados a 4 a\u00f1os como coautores de secuestro calificados recibieron el beneficio de libertad vigilada. Basclay Humberto Zapata Reyes condenado como c\u00f3mplice a 3 a\u00f1os beneficiado con la remisi\u00f3n condicional; Osvaldo Romo Mena falleci\u00f3 durante el proceso judicial, por lo que fue sobrese\u00eddo.<\/p>\n\n\n\n<p>Caso colectivo: Operaci\u00f3n Colombo<\/p>\n\n\n\n<p>Caso Sentencia: N\u00ba2.182-983<\/p>\n\n\n\n<p>Relato actualizado<\/p>\n\n\n\n<p>Julio Fidel Flores P\u00e9rez naci\u00f3 en Santiago el 3 de mayo de 1952 en Santiago, era hijo de Julia P\u00e9rez y Lorenzo Flores y hermano de Arcadia Flores P\u00e9rez. Ten\u00eda 22 a\u00f1os, estudiaba Ingenier\u00eda en Minas en la sede de Antofagasta de la Universidad T\u00e9cnica del Estado. Militaba en el MIR (Movimiento Izquierdista Revolucionario)6 y ten\u00eda 22 al momento de su detenci\u00f3n.<\/p>\n\n\n\n<p>En la madrugada del 10 de enero de 1975, seis agentes armados de la DINA (Direcci\u00f3n Nacional de Inteligencia), sin ninguna autorizaci\u00f3n, ingresaron a la casa de Julio con el pretexto de que se trataba de un acto rutinario, pero no encontraron nada sospechoso. A\u00fan as\u00ed, los agentes se llevaron a Julio y le dijeron a su madre, Julia P\u00e9rez, que no se preocupara porque en 45 minutos estar\u00eda de regreso. Sin embargo, lo detuvieron para trasladarlo hasta cuartel Terranova en la Villa Grimaldi.<\/p>\n\n\n\n<p>En este centro clandestino de detenci\u00f3n, Mar\u00eda Salinas Farf\u00e1n escuch\u00f3 a agentes de la DINA que hab\u00edan tra\u00eddo al \u201cchico P\u00e9rez\u201d, a quien vio con las manos atadas en la guardia. Posteriormente, lo llevaron a la \u201ccl\u00ednica\u201d, una sala de tortura, donde escuch\u00f3 gritos. Julio ten\u00eda muchos problemas para caminar y hab\u00eda sido duramente golpeado. Julia Escobar Roco observ\u00f3 que a medida que pasaban los d\u00edas que Julio se encorvaba en cada paso que daba.<\/p>\n\n\n\n<p>D\u00edas despu\u00e9s de su llegada, Mar\u00eda Villalobos D\u00edaz reconoci\u00f3 a Julio que estaba en la fila del ba\u00f1o con la vista vendada, las manos amarradas, y con muchos problemas para caminar. Jorge B\u00f3rquez Vega convers\u00f3 con Julio a trav\u00e9s de una pared, porque estaba en la pieza contigua y cuando lo volvi\u00f3 a ver apenas pod\u00eda caminar a causa de las torturas. En tanto \u00c1ngeles \u00c1lvarez C\u00e1rdenas mientras iba al ba\u00f1o not\u00f3 que su amigo estaba en malas condiciones, con dificultades para estar de pie y su caminar era lento. Hugo Salinas Farf\u00e1n comparti\u00f3 pieza con \u00e9l los \u00faltimos d\u00edas de enero y conversaron sobre la preocupaci\u00f3n de Julio por la salud de su madre. El 30 de enero de 1975 fue la \u00faltima vez que lo vio cuando lo sacaron de Villa Grimaldi junto a otros detenidos, Jaime Robotham11 y Herbit R\u00edos Soto.<\/p>\n\n\n\n<p>En julio de 1975 su nombre apareci\u00f3 en una lista de personas presuntamente fallecidas en el extranjero a acusa de enfrentamientos, sin registrarse ni entradas, ni salidas del pa\u00eds, como tampoco su defunci\u00f3n.13Esta informaci\u00f3n era parte del montaje comunicacional Operaci\u00f3n Colombo.<\/p>\n\n\n\n<p>El 13 de enero del 1975 y tras la detenci\u00f3n de Julio, su madre, Julia P\u00e9rez, present\u00f3 un recurso de amparo ante la Corte de Apelaciones, que solicit\u00f3 informaci\u00f3n a diversas autoridades. Sin embargo, respondieron que no estaba detenido. Por tanto, el recurso se rechaz\u00f3 por falta de antecedentes el 28 de abril de 1975. Anteriormente, el 18 de abril del mismo a\u00f1o, los familiares de quienes eran parte de la lista de la Operaci\u00f3n Colombo, presentaron un segundo recurso, pero nuevamente las autoridades respondieron que no ten\u00edan antecedentes de las detenciones.<\/p>\n\n\n\n<p>En 1980 se abri\u00f3 nuevamente la investigaci\u00f3n por el secuestro de Julio, pero esta vez con m\u00e1s antecedentes sobre el funcionamiento operaba la DINA. Sin embargo, los agentes de la DINA vinculados al caso de Julio negaron haber participado, as\u00ed como tambi\u00e9n negaron conocer la Villa Grimaldi. En 1983, el caso fue cerrado nuevamente.<\/p>\n\n\n\n<p>La familia de Julio Flores se uni\u00f3 a otras familias para denunciar, en el 10\u00ba Juzgado del Crimen de Santiago, a Manuel Contreras Sep\u00falveda, de Marcelo Luis Manuel Moren Brito y de Rolf Gonzalo Wenderoth Pozo, agentes de la DINA, por el secuestro de sus familiares. Sin embargo, el juzgado determin\u00f3 que no ten\u00eda competencia para seguir el caso, por lo tanto, lo traslad\u00f3 a la Justicia Militar en noviembre de 1989. La Corte militar estableci\u00f3 que no hab\u00eda suficientes pruebas para detener a los acusados. En tanto a su hermana menor, Arcadia Flores, lo busc\u00f3 constantemente hasta que muri\u00f3 el 16 de agosto de 1981 a manos de la Polic\u00eda de investigaciones en un intercambio de disparos.<\/p>\n\n\n\n<p>Sobre su participaci\u00f3n en la desaparici\u00f3n de Julio Flores P\u00e9rez, Juan Contreras Sep\u00falveda declar\u00f3 que no era culpable, ni hab\u00eda participado en el secuestro. Adem\u00e1s, sostuvo que en los cuarteles de la DINA no manten\u00edan a personas detenidas, sino que eran detenidos en tr\u00e1nsito. Osvaldo Romo Mena tambi\u00e9n neg\u00f3 su participaci\u00f3n y se\u00f1al\u00f3 que la Villa Grimaldi era un lugar donde llegaban personas detenidas y estaban ah\u00ed por un tiempo.16 Pedro Espinoza, de igual forma, rechaz\u00f3 haber participado en el secuestro de Julio Flores, pero sus propios dichos eran contradictorios ya que acept\u00f3 haber estado en Villa Grimaldi en la fecha que ocurrieron los hechos. Marcelo Moren Brito reconoci\u00f3 que trabajaba para la DINA como jefe de Inteligencia del \u00c1rea Metropolitana, y se dedicaba a recopilar informaci\u00f3n,18 sin embrago, desconoci\u00f3 cualquier participaci\u00f3n en el secuestro de Julio Flores. Francisco Ferrer Lima neg\u00f3 su participaci\u00f3n en el secuestro de Julio Flores afirmando que solo se dedicaba a dar clases en Villa Grimaldi. Miguel Krassnoff tambi\u00e9n desconoci\u00f3 su participaci\u00f3n, admiti\u00f3 que solo ejerc\u00eda labores de estudio y an\u00e1lisis de inteligencia relacionados con el MIR, y nunca particip\u00f3 de ninguna detenci\u00f3n. Basclay Zapata neg\u00f3 haber secuestrado a Julio y declar\u00f3 que su labor consist\u00eda en conducir veh\u00edculos. Por \u00faltimo, Rolf Wenderoth, sostuvo que no particip\u00f3 en el secuestro y que su tarea en la DINA era analizar la situaci\u00f3n pol\u00edtica de los partidos de izquierda. Sin embargo, el proceso judicial estableci\u00f3 que los acusados participaron en la desaparici\u00f3n de Julio Flores P\u00e9rez, por lo tanto, fueron condenados.<\/p>\n\n\n\n<p>Despu\u00e9s de 34 a\u00f1os de la detenci\u00f3n de Julio Fidel Flores P\u00e9rez, el 15 de abril del 2009 la Corte Suprema conden\u00f3 Juan Manuel Guillermo Contreras Sep\u00falveda y Pedro Octavio Espinoza Bravo como autores de secuestro calificado a 5 a\u00f1os. En tanto Marcelo Moren Brito, Rolf Gonzalo Wenderoth Pozo, Miguel Krassnoff Martchenko y Francisco Maximiliano Ferrer Lima condenados a 4 a\u00f1os como coautores de secuestro calificados recibieron el beneficio de libertad vigilada. Basclay Humberto Zapata Reyes condenado como c\u00f3mplice a 3 a\u00f1os beneficiado con la remisi\u00f3n condicional; Osvaldo Romo Mena falleci\u00f3 durante el proceso judicial, por lo que fue sobrese\u00eddo.<\/p>\n\n\n\n<p>Hasta el d\u00eda de hoy, Julio Fidel Flores P\u00e9rez permanece desaparecido.<\/p>\n\n\n\n<p>Escrito por Arlett Plaza C\u00e1ceres, estudiante de Licenciatura en lengua y literatura de la Universidad Alberto Hurtado durante 2024.<\/p>\n<\/div>\n\n\n\n<div class=\"wp-block-gutena-tab gutena-tab-block gutena-tab-block-2e84fa-3b inactive\" data-tab=\"3\">\n<p style=\"margin-top:0;margin-bottom:0\">Add your content here&#8230;<\/p>\n<\/div>\n<\/div><\/div>\n\n\n\n<hr class=\"wp-block-separator has-text-color has-white-color has-alpha-channel-opacity has-white-background-color has-background is-style-default\"\/>\n\n\n\n<p><\/p>\n\n\n\n<hr class=\"wp-block-separator has-alpha-channel-opacity\"\/>\n\n\n\n<p><a href=\"#_ftnref1\" id=\"_ftn1\"><\/a>&nbsp;<\/p>\n\n\n\n<p><a href=\"#_ftnref2\" id=\"_ftn2\"><\/a>&nbsp;<\/p>\n\n\n\n<hr class=\"wp-block-separator has-alpha-channel-opacity\"\/>\n\n\n\n<p><a id=\"_msocom_1\"><\/a><\/p>\n\n\n\n<p><a id=\"_msocom_6\"><\/a><\/p>\n\n\n\n<p><\/p>\n","protected":false},"excerpt":{"rendered":"<p>\tJulio Fidel Flores P\u00e9rez, 22 a\u00f1os estudiante universitario. Militante del Partido de Izquierda Revolucionaria. Detenido desaparecido desde el 10 de enero de 1975 en Santiago.\t &hellip; <a href=\"https:\/\/interactivos.museodelamemoria.cl\/victims\/?p=3064\" class=\"more-link\"><span class=\"readmore\">Averigua m\u00e1s acerca de esta v\u00edctima&#8230;<span class=\"screen-reader-text\">FLORES PEREZ JULIO FIDEL<\/span><\/span><\/a><\/p>\n","protected":false},"author":1,"featured_media":0,"comment_status":"open","ping_status":"open","sticky":false,"template":"","format":"standard","meta":{"footnotes":""},"categories":[14,6],"tags":[],"class_list":["post-3064","post","type-post","status-publish","format-standard","hentry","category-actualizacion-de-relatos","category-detenido-desaparecido"],"_links":{"self":[{"href":"https:\/\/interactivos.museodelamemoria.cl\/victims\/index.php?rest_route=\/wp\/v2\/posts\/3064"}],"collection":[{"href":"https:\/\/interactivos.museodelamemoria.cl\/victims\/index.php?rest_route=\/wp\/v2\/posts"}],"about":[{"href":"https:\/\/interactivos.museodelamemoria.cl\/victims\/index.php?rest_route=\/wp\/v2\/types\/post"}],"author":[{"embeddable":true,"href":"https:\/\/interactivos.museodelamemoria.cl\/victims\/index.php?rest_route=\/wp\/v2\/users\/1"}],"replies":[{"embeddable":true,"href":"https:\/\/interactivos.museodelamemoria.cl\/victims\/index.php?rest_route=%2Fwp%2Fv2%2Fcomments&post=3064"}],"version-history":[{"count":11,"href":"https:\/\/interactivos.museodelamemoria.cl\/victims\/index.php?rest_route=\/wp\/v2\/posts\/3064\/revisions"}],"predecessor-version":[{"id":9034,"href":"https:\/\/interactivos.museodelamemoria.cl\/victims\/index.php?rest_route=\/wp\/v2\/posts\/3064\/revisions\/9034"}],"wp:attachment":[{"href":"https:\/\/interactivos.museodelamemoria.cl\/victims\/index.php?rest_route=%2Fwp%2Fv2%2Fmedia&parent=3064"}],"wp:term":[{"taxonomy":"category","embeddable":true,"href":"https:\/\/interactivos.museodelamemoria.cl\/victims\/index.php?rest_route=%2Fwp%2Fv2%2Fcategories&post=3064"},{"taxonomy":"post_tag","embeddable":true,"href":"https:\/\/interactivos.museodelamemoria.cl\/victims\/index.php?rest_route=%2Fwp%2Fv2%2Ftags&post=3064"}],"curies":[{"name":"wp","href":"https:\/\/api.w.org\/{rel}","templated":true}]}}