{"id":3080,"date":"2013-04-01T00:00:00","date_gmt":"2013-04-01T00:00:00","guid":{"rendered":""},"modified":"2013-04-01T00:00:00","modified_gmt":"2013-04-01T00:00:00","slug":"victima-1","status":"publish","type":"post","link":"https:\/\/interactivos.museodelamemoria.cl\/victims\/?p=3080","title":{"rendered":"GONZALEZ GONZALEZ JOSE MANUEL ORLANDO"},"content":{"rendered":"<hr class=\"wp-block-separator has-text-color has-white-color has-alpha-channel-opacity has-white-background-color has-background is-style-default\"\/><p><strong>Instancia Calificadora:<\/strong> CNRR violencia pol\u00edtica<\/p><p><strong>Militancia:<\/strong> Sin Militancia<\/p><p><strong>Regi\u00f3n:<\/strong> RM Metropolitana<\/p><p><strong>Ciudad:<\/strong> SANTIAGO<\/p><p><strong>Comuna:<\/strong> <\/p><p><strong>Fecha Detenci\u00f3n\/Muerte:<\/strong> 28-09-1973<\/p><p><strong>Ocupaci\u00f3n:<\/strong> OBRERO AGRICOLA<\/p><p><strong>Edad:<\/strong> 18<\/p>\n<hr class=\"wp-block-separator has-text-color has-white-color has-alpha-channel-opacity has-white-background-color has-background is-style-default\"\/>\tJos\u00e9 Manuel Orlando Gonz\u00e1lez Gonz\u00e1lez muri\u00f3 ese d\u00eda a las 15:00 horas, en la v\u00eda p\u00fablica, por m\u00faltiples heridas de bala cr\u00e1neo encef\u00e1licas, c\u00e9rvico faciales, tor\u00e1cicas, abdominales y de las extremidades, como acredita el Certificado M\u00e9dico de Defunci\u00f3n del Instituto M\u00e9dico Legal.\r\n\r\nSeg\u00fan declaraciones de familiares, fue visto por \u00faltima vez por parientes residentes en Melipilla el 19 de septiembre de 1973. \r\n\r\nA los pocos d\u00edas iniciaron gestiones para dar con su paradero, las que resultaron infructuosas. \r\n\r\nEn octubre de 1973 un carabinero concurri\u00f3 al domicilio de la madre y le hizo entrega de la c\u00e9dula de identidad de su hijo, sin proporcionarle informaci\u00f3n alguna. \r\n\r\nA ra\u00edz de las investigaciones realizadas por esta Corporaci\u00f3n, la familia se enter\u00f3 de su muerte y que su cuerpo, con m\u00faltiples heridas de bala, fue remitido al Instituto M\u00e9dico Legal por carabineros pertenecientes a la Sexta Comisar\u00eda.  \r\n\r\nPese a que esta Corporaci\u00f3n no logr\u00f3 determinar las circunstancias precisas de su fallecimiento, el Consejo Superior, considerando especialmente la fecha y la causa de su muerte, declar\u00f3 a Jos\u00e9 Manuel Orlando Gonz\u00e1lez Gonz\u00e1lez v\u00edctima de la violencia pol\u00edtica imperante.\t","protected":false},"excerpt":{"rendered":"<p>\tJos\u00e9 Manuel Orlando Gonzalez Gonzalez, 19 a\u00f1os, obrero agr\u00edcola. Muerto el 28 de septiembre de 1973 en Santiago.\t &hellip; <a href=\"https:\/\/interactivos.museodelamemoria.cl\/victims\/?p=3080\" class=\"more-link\"><span class=\"readmore\">Averigua m\u00e1s acerca de esta v\u00edctima&#8230;<span class=\"screen-reader-text\">GONZALEZ GONZALEZ JOSE MANUEL ORLANDO<\/span><\/span><\/a><\/p>\n","protected":false},"author":1,"featured_media":0,"comment_status":"open","ping_status":"open","sticky":false,"template":"","format":"standard","meta":{"footnotes":""},"categories":[5],"tags":[],"class_list":["post-3080","post","type-post","status-publish","format-standard","hentry","category-ejecutado-politico"],"_links":{"self":[{"href":"https:\/\/interactivos.museodelamemoria.cl\/victims\/index.php?rest_route=\/wp\/v2\/posts\/3080"}],"collection":[{"href":"https:\/\/interactivos.museodelamemoria.cl\/victims\/index.php?rest_route=\/wp\/v2\/posts"}],"about":[{"href":"https:\/\/interactivos.museodelamemoria.cl\/victims\/index.php?rest_route=\/wp\/v2\/types\/post"}],"author":[{"embeddable":true,"href":"https:\/\/interactivos.museodelamemoria.cl\/victims\/index.php?rest_route=\/wp\/v2\/users\/1"}],"replies":[{"embeddable":true,"href":"https:\/\/interactivos.museodelamemoria.cl\/victims\/index.php?rest_route=%2Fwp%2Fv2%2Fcomments&post=3080"}],"version-history":[{"count":0,"href":"https:\/\/interactivos.museodelamemoria.cl\/victims\/index.php?rest_route=\/wp\/v2\/posts\/3080\/revisions"}],"wp:attachment":[{"href":"https:\/\/interactivos.museodelamemoria.cl\/victims\/index.php?rest_route=%2Fwp%2Fv2%2Fmedia&parent=3080"}],"wp:term":[{"taxonomy":"category","embeddable":true,"href":"https:\/\/interactivos.museodelamemoria.cl\/victims\/index.php?rest_route=%2Fwp%2Fv2%2Fcategories&post=3080"},{"taxonomy":"post_tag","embeddable":true,"href":"https:\/\/interactivos.museodelamemoria.cl\/victims\/index.php?rest_route=%2Fwp%2Fv2%2Ftags&post=3080"}],"curies":[{"name":"wp","href":"https:\/\/api.w.org\/{rel}","templated":true}]}}