{"id":3107,"date":"2013-04-01T00:00:00","date_gmt":"2013-04-01T00:00:00","guid":{"rendered":""},"modified":"2026-08-20T16:07:19","modified_gmt":"2026-08-20T20:07:19","slug":"victima-1-1065","status":"publish","type":"post","link":"https:\/\/interactivos.museodelamemoria.cl\/victims\/?p=3107","title":{"rendered":"LEON GALVEZ JOSE PATRICIO DEL CARMEN"},"content":{"rendered":"\n<hr class=\"wp-block-separator has-text-color has-white-color has-alpha-channel-opacity has-white-background-color has-background is-style-default\"\/>\n\n\n\n<div class=\"wp-block-gutena-tabs gutena-tabs-block gutena-tabs-block-25730e-29\"><ul class=\"gutena-tabs-tab tab-center\"><li class=\"gutena-tab-title active\" data-tab=\"1\"><div class=\"gutena-tab-title-content icon-top\"><div class=\"gutena-tab-title-text\"><div>Informe Rettig<\/div><\/div><\/div><\/li><li class=\"gutena-tab-title inactive\" data-tab=\"2\"><div class=\"gutena-tab-title-content icon-top\"><div class=\"gutena-tab-title-text\"><div>Actualizaci\u00f3n relatos <\/div><\/div><\/div><\/li><li class=\"gutena-tab-title inactive\" data-tab=\"3\"><div class=\"gutena-tab-title-content icon-top\"><div class=\"gutena-tab-title-text\"><div>Otras fuentes<\/div><\/div><\/div><\/li><\/ul><div class=\"gutena-tabs-content is-layout-flow wp-block-tabs-is-layout-flow\">\n<div class=\"wp-block-gutena-tab gutena-tab-block gutena-tab-block-3d3340-5a active\" data-tab=\"1\">\n<p style=\"margin-top:0;margin-bottom:0\"><\/p>\n\n\n<p><strong>Instancia Calificadora:<\/strong> CVR violaci\u00f3n de DDHH<\/p><p><strong>Militancia:<\/strong> MIR<\/p><p><strong>Regi\u00f3n:<\/strong> RM Metropolitana<\/p><p><strong>Ciudad:<\/strong> SANTIAGO<\/p><p><strong>Comuna:<\/strong> <\/p><p><strong>Fecha Detenci\u00f3n\/Muerte:<\/strong> 16-01-1975<\/p><p><strong>Ocupaci\u00f3n:<\/strong> PROFESOR ENSE\u00d1ANZA BASICA<\/p><p><strong>Edad:<\/strong> 29<\/p>\n\n\n\n<p>El 16 de enero de 1975 fue detenido en la v\u00eda p\u00fablica en el centro de Santiago, el profesor y militante del MIR Jos\u00e9 Patricio Del Carmen LEON GALVEZ. Al d\u00eda siguiente un civil acudi\u00f3 al trabajo de su hermano y le inform\u00f3 de la detenci\u00f3n.<\/p>\n\n\n\n<p>El detenido desapareci\u00f3 en poder de la DINA, en violaci\u00f3n de sus derechos humanos, habiendo testimonios de su presencia en el recinto de Villa Grimaldi.<\/p>\n<\/div>\n\n\n\n<div class=\"wp-block-gutena-tab gutena-tab-block gutena-tab-block-b7e2d7-85 inactive\" data-tab=\"2\">\n<figure class=\"wp-block-table is-style-regular\"><table class=\"has-fixed-layout\"><tbody><tr><td><strong>Jos\u00e9 Patricio del Carmen Le\u00f3n G\u00e1lvez<\/strong><\/td><td><a>Fecha de nacimiento: <\/a> 12 de septiembre de 1945<\/td><\/tr><tr><td>&nbsp;<br>Familia: hijo de Ernesto Le\u00f3n Lizana y Mar\u00eda In\u00e9s G\u00e1lvez C\u00e1ceres; hermano de Esteban Bernardo del Carmen Le\u00f3n G\u00e1lvez, Abelardo No\u00e9 Le\u00f3n G\u00e1lvez, Mario Ernesto del Carmen Le\u00f3n G\u00e1lvez, Mar\u00eda Clotilde Le\u00f3n G\u00e1lvez, Carlos Alberto Le\u00f3n G\u00e1lvez y Juan Luis Le\u00f3n G\u00e1lvez; esposo de Rosa Lesbia Rosales Montano; padre de Ren\u00e9 Patricio Le\u00f3n Rosales<\/td><td>&nbsp;<br>Residencia: La Cisterna, Santiago<\/td><\/tr><tr><td>Actividad: Profesor primario de la Universidad Cat\u00f3lica de Talca.<\/td><td>Militancia: Movimiento de Izquierda Revolucionaria (MIR)&nbsp;<\/td><\/tr><tr><td>Fecha de detenci\u00f3n: 16 de enero de 1975&nbsp;<\/td><td>Edad al momento de la detenci\u00f3n: 29 a\u00f1os&nbsp;<\/td><\/tr><tr><td>Organismo del estado responsable de la desaparici\u00f3n: Direcci\u00f3n de Inteligencia Nacional (DINA)<\/td><td><\/td><\/tr><\/tbody><\/table><\/figure>\n<\/div>\n\n\n\n<div class=\"wp-block-gutena-tab gutena-tab-block gutena-tab-block-6b0ce6-c5 inactive\" data-tab=\"3\">\n<p style=\"margin-top:0;margin-bottom:0\">Add your content here&#8230;<\/p>\n<\/div>\n<\/div><\/div>\n\n\n\n<hr class=\"wp-block-separator has-text-color has-white-color has-alpha-channel-opacity has-white-background-color has-background is-style-default\"\/>\n\n\n\n<p class=\"has-light-gray-color has-text-color has-link-color wp-elements-afce6eaa6c333f4f6b9c0ede8f4f6f9f\"><strong>Responsables, delitos y condenas:<\/strong> Pedro Octavio Espinoza Bravo y Miguel Krassnoff Martchenko, autores de secuestro calificado, condenados definitivamente a cinco a\u00f1os y un d\u00eda de presidio cada uno. Juan Manuel Guillermo Contreras Sep\u00falveda y Marcelo Luis Moren Brito fueron condenados en primera instancia a cinco a\u00f1os, pero la Corte de Apelaciones de Santiago dispuso el sobreseimiento definitivo respecto de ambos por haberse extinguido su responsabilidad penal debido al fallecimiento de los culpables<\/p>\n\n\n\n<p class=\"has-white-color has-text-color has-link-color wp-elements-da3198e5e670f59f62520a91710545f5\"><strong>Relato actualizado<\/strong>.<\/p>\n\n\n\n<p class=\"has-light-gray-color has-text-color has-link-color wp-elements-99b50de44c5bad42154b1d28113e21e8\">Jos\u00e9 Patricio del Carmen Le\u00f3n G\u00e1lvez naci\u00f3 en La Estrella el 12 de septiembre de 1945. Era hijo de Ernesto Le\u00f3n Lizana y Mar\u00eda In\u00e9s G\u00e1lvez C\u00e1ceres. Estaba casado con Rosa Lesbia Rosales Montano y era padre de Ren\u00e9 Patricio Le\u00f3n Rosales. Ten\u00eda seis hermanos: Esteban Bernardo del Carmen, Abelardo No\u00e9, Mario Ernesto del Carmen, Mar\u00eda Clotilde, Carlos Alberto y Juan Luis Le\u00f3n G\u00e1lvez. Viv\u00eda en la comuna de La Cisterna. Se hab\u00eda formado como profesor primario en la Universidad Cat\u00f3lica de Talca y se hab\u00eda desempe\u00f1ado como presidente nacional de la Acci\u00f3n Cat\u00f3lica Universitaria. Durante su juventud hab\u00eda participado en la Juventud de Estudiantes Cat\u00f3licos (JEC). Militaba en el Movimiento de Izquierda Revolucionaria (MIR) y ten\u00eda 29 a\u00f1os al momento de su detenci\u00f3n.<\/p>\n\n\n\n<p class=\"has-light-gray-color has-text-color has-link-color wp-elements-fd1abde067eac025bbb0b9b5cbbec830\">El 16 de enero de 1975, en la v\u00eda p\u00fablica de Santiago, agentes de la Direcci\u00f3n de Inteligencia Nacional (DINA) detuvieron a Jos\u00e9 Le\u00f3n G\u00e1lvez. Una de las querellas incorporadas al proceso se\u00f1al\u00f3 que, antes de su captura, hab\u00eda salido de su casa para encontrarse con otro militante y \u201chacer un punto\u201d, es decir, intercambiar informaci\u00f3n7. Los agentes lo trasladaron a Villa Grimaldi, denominada Cuartel Terranova. All\u00ed, agentes de la brigada \u201cHalc\u00f3n\u201d, dependiente de la brigada \u201cCaupolic\u00e1n\u201d, lo interrogaron bajo tortura8.<\/p>\n\n\n\n<p class=\"has-light-gray-color has-text-color has-link-color wp-elements-295c79dd00405d72863839fd260679e5\">Una persona que no se identific\u00f3 acudi\u00f3 al lugar de trabajo del hermano de Jos\u00e9 Le\u00f3n, Esteban Le\u00f3n G\u00e1lvez, y le inform\u00f3 que su hermano hab\u00eda sido detenido. Bernardo se dirigi\u00f3 entonces a la casa de Jos\u00e9 Patricio, donde Rosa Lesbia Rosales Montano le confirm\u00f3 que su esposo no hab\u00eda regresado.<\/p>\n\n\n\n<p class=\"has-light-gray-color has-text-color has-link-color wp-elements-8ccabfe2d0de1a67531ef46f0435c240\">Diversos testimonios permitieron reconstruir parte del cautiverio de Jos\u00e9 Le\u00f3n G\u00e1lvez. Mar\u00eda Alicia Salinas Farf\u00e1n declar\u00f3 que lo vio dos o tres veces en Villa Grimaldi, incluida su llegada, y que posteriormente lo observ\u00f3 en muy malas condiciones f\u00edsicas. Mar\u00eda Eugenia Ruiz-Tagle se\u00f1al\u00f3 que, mientras era torturada, se desplaz\u00f3 la venda que cubr\u00eda sus ojos y pudo ver a Jos\u00e9 con el torso descubierto. D\u00edas despu\u00e9s volvi\u00f3 a verlo en el patio junto a Miguel Krassnoff Martchenko y otro detenido; record\u00f3 que estaba callado, agotado y sucio, y que esa fue la \u00faltima vez que lo vio.<\/p>\n\n\n\n<p class=\"has-light-gray-color has-text-color has-link-color wp-elements-fb952b12d233176d82dc01c5addb06dc\">Ra\u00fal Flores Castillo declar\u00f3 que, unos tres d\u00edas despu\u00e9s de su propia detenci\u00f3n, levant\u00f3 parcialmente la venda mientras los prisioneros eran llevados al ba\u00f1o y reconoci\u00f3 a Jos\u00e9 Le\u00f3n, quien se ve\u00eda agotado, deca\u00eddo y cabizbajo. Rodrigo del Villar Ca\u00f1as supo que se encontraba detenido en Villa Grimaldi cuando, durante una actividad entre los prisioneros para saber qui\u00e9n llevaba m\u00e1s d\u00edas recluido, escuch\u00f3 que Jos\u00e9 Le\u00f3n era quien permanec\u00eda all\u00ed desde hac\u00eda m\u00e1s tiempo. Cristi\u00e1n Mallol Comandari tambi\u00e9n reconoci\u00f3 una fotograf\u00eda de Jos\u00e9 Le\u00f3n G\u00e1lvez y declar\u00f3 que cre\u00eda haberlo visto en Villa Grimaldi; lo identific\u00f3 como profesor, integrante del GPM-1 del MIR.<\/p>\n\n\n\n<p class=\"has-light-gray-color has-text-color has-link-color wp-elements-7ba672a246484dc7b2df6d8931bf5cbb\">Tras conocer su desaparici\u00f3n, la familia present\u00f3 un recurso de amparo ante la Corte de Apelaciones de Santiago. El 21 de enero se ampli\u00f3 la presentaci\u00f3n y se inform\u00f3 a la Corte que se hab\u00edan recibido antecedentes seg\u00fan los cuales Jos\u00e9 se encontraba en Villa Grimaldi; se solicit\u00f3 que se pidiera informaci\u00f3n al responsable del recinto. Sin embargo, los altos mandos de las Fuerzas Armadas y el Ministerio del Interior informaron que no exist\u00eda una orden de detenci\u00f3n en su contra. El recurso fue rechazado y los antecedentes fueron remitidos al Primer Juzgado del Crimen de Santiago. Rosa Lesbia Rosales Montano busc\u00f3 a Jos\u00e9 Patricio del Carmen Le\u00f3n G\u00e1lvez en distintos centros de detenci\u00f3n y realiz\u00f3 consultas en hospitales, postas y la morgue; adem\u00e1s, acudi\u00f3 a la Secretar\u00eda Ejecutiva Nacional de Detenidos (SENDET), al Comit\u00e9 Pro-Paz y, posteriormente, a la Vicar\u00eda de la Solidaridad. Despu\u00e9s de dos a\u00f1os de b\u00fasqueda sin resultados, Rosa Lesbia sali\u00f3 de Chile con su hijo y se dirigi\u00f3 a Francia y finalmente se radicaron en Suecia.<\/p>\n\n\n\n<p class=\"has-light-gray-color has-text-color has-link-color wp-elements-e369f04432b3394d7d0df5e724430a2b\">Sobre su participaci\u00f3n en la desaparici\u00f3n de Jos\u00e9 Patricio del Carmen Le\u00f3n G\u00e1lvez, Juan Manuel Contreras Sep\u00falveda sostuvo que Jos\u00e9 Le\u00f3n hab\u00eda muerto en un operativo \u201cantiterrorista\u201d realizado por una patrulla del Ej\u00e9rcito en La Cisterna el 17 de enero de 1975 y que habr\u00eda sido sepultado como NN en el Cementerio General. Marcelo Luis Moren Brito declar\u00f3 que no recordaba a Jos\u00e9 Le\u00f3n G\u00e1lvez y que desconoc\u00eda cualquier informaci\u00f3n sobre \u00e9l. Miguel Krassnoff Martchenko afirm\u00f3 que no ten\u00eda antecedentes y que, si la detenci\u00f3n hab\u00eda ocurrido el 6 de enero, \u00e9l se encontraba en una comisi\u00f3n de servicio en Estados Unidos entre el 4 y el 12 de enero de 1975. El tribunal desestim\u00f3 esa explicaci\u00f3n y estableci\u00f3 que, como jefe de la agrupaci\u00f3n \u201cHalc\u00f3n\u201d, particip\u00f3 directamente en la detenci\u00f3n, la tortura y la desaparici\u00f3n de Jos\u00e9 Patricio del Carmen Le\u00f3n G\u00e1lvez. Pedro Octavio Espinoza Bravo sostuvo que se encontraba de vacaciones, aunque reconoci\u00f3 que estaba a cargo de Villa Grimaldi hasta el 15 de febrero de 1975. El tribunal rechaz\u00f3 su versi\u00f3n y estableci\u00f3 su responsabilidad como autor del secuestro calificado.<\/p>\n\n\n\n<p class=\"has-light-gray-color has-text-color has-link-color wp-elements-7d4f50c41b0d69ddd3e2e1a48e1eb7ef\">Despu\u00e9s de 41 a\u00f1os de la detenci\u00f3n de Jos\u00e9 Patricio del Carmen Le\u00f3n G\u00e1lvez, el 12 de mayo de 2016, la Corte Suprema conden\u00f3 a Pedro Octavio Espinoza Bravo y Miguel Krassnoff Martchenkp como autores de secuestro calificado a cinco a\u00f1os de presidio. Respecto de Juan Manuel Guillermo Contreras Sep\u00falveda y Marcelo Luis Moren Brito ambos fueron sobrese\u00eddos por haber fallecido cuando se dict\u00f3 la condena.<\/p>\n\n\n\n<p class=\"has-light-gray-color has-text-color has-link-color wp-elements-5b455f01439fc673fbd015f64eeb501e\">Hasta el d\u00eda de hoy, el cuerpo de Jos\u00e9 Patricio del Carmen Le\u00f3n G\u00e1lvez permanece desaparecido.<\/p>\n\n\n\n<p class=\"has-light-gray-color has-text-color has-link-color wp-elements-abe65843c676ff2c7c8d19380e085fc5\">Escrito por Paula Tobar Ulloa, estudiante de Licenciatura en Lengua y Literatura de la Universidad Alberto Hurtado, durante el segundo semestre de 2024.<\/p>\n\n\n\n<blockquote class=\"wp-block-quote is-layout-flow wp-block-quote-is-layout-flow\">\n<hr class=\"wp-block-separator has-alpha-channel-opacity\"\/>\n<cite><br>Para revisar informaci\u00f3n judicial sobre esta persona acceda al repositorio del Proyecto Expedientes de la Represi\u00f3n, que recopila las sentencias judiciales dictadas en los procesos penales ya concluidos por violaciones de derechos humanos cometidas durante la dictadura.<\/cite><\/blockquote>\n\n\n\n<figure class=\"wp-block-image size-full is-resized\"><a href=\"https:\/\/expedientesdelarepresion.cl\/causa\/jose-patricio-leon-galvez\/\" target=\"_blank\" rel=\"noreferrer noopener\"><img loading=\"lazy\" decoding=\"async\" width=\"126\" height=\"121\" src=\"https:\/\/interactivos.museodelamemoria.cl\/victims\/wp-content\/uploads\/2024\/07\/logo-expedientes-de-la-represion_ok-e1721845389628.png\" alt=\"\" class=\"wp-image-5088\" style=\"width:110px;height:auto\"\/><\/a><\/figure>\n\n\n\n<p><\/p>\n","protected":false},"excerpt":{"rendered":"<p>\tJos\u00e9 Patricio Del Carmen Le\u00f3n G\u00e1lvez,  profesor, militante del Movimiento de Izquierda Revolucionaria (MIR). Detenido desaparecido desde el 16 de enero de 1975 en Santiago.\t &hellip; <a href=\"https:\/\/interactivos.museodelamemoria.cl\/victims\/?p=3107\" class=\"more-link\"><span class=\"readmore\">Averigua m\u00e1s acerca de esta v\u00edctima&#8230;<span class=\"screen-reader-text\">LEON GALVEZ JOSE PATRICIO DEL CARMEN<\/span><\/span><\/a><\/p>\n","protected":false},"author":1,"featured_media":0,"comment_status":"open","ping_status":"open","sticky":false,"template":"","format":"standard","meta":{"footnotes":""},"categories":[14,6],"tags":[],"class_list":["post-3107","post","type-post","status-publish","format-standard","hentry","category-actualizacion-de-relatos","category-detenido-desaparecido"],"_links":{"self":[{"href":"https:\/\/interactivos.museodelamemoria.cl\/victims\/index.php?rest_route=\/wp\/v2\/posts\/3107"}],"collection":[{"href":"https:\/\/interactivos.museodelamemoria.cl\/victims\/index.php?rest_route=\/wp\/v2\/posts"}],"about":[{"href":"https:\/\/interactivos.museodelamemoria.cl\/victims\/index.php?rest_route=\/wp\/v2\/types\/post"}],"author":[{"embeddable":true,"href":"https:\/\/interactivos.museodelamemoria.cl\/victims\/index.php?rest_route=\/wp\/v2\/users\/1"}],"replies":[{"embeddable":true,"href":"https:\/\/interactivos.museodelamemoria.cl\/victims\/index.php?rest_route=%2Fwp%2Fv2%2Fcomments&post=3107"}],"version-history":[{"count":11,"href":"https:\/\/interactivos.museodelamemoria.cl\/victims\/index.php?rest_route=\/wp\/v2\/posts\/3107\/revisions"}],"predecessor-version":[{"id":9009,"href":"https:\/\/interactivos.museodelamemoria.cl\/victims\/index.php?rest_route=\/wp\/v2\/posts\/3107\/revisions\/9009"}],"wp:attachment":[{"href":"https:\/\/interactivos.museodelamemoria.cl\/victims\/index.php?rest_route=%2Fwp%2Fv2%2Fmedia&parent=3107"}],"wp:term":[{"taxonomy":"category","embeddable":true,"href":"https:\/\/interactivos.museodelamemoria.cl\/victims\/index.php?rest_route=%2Fwp%2Fv2%2Fcategories&post=3107"},{"taxonomy":"post_tag","embeddable":true,"href":"https:\/\/interactivos.museodelamemoria.cl\/victims\/index.php?rest_route=%2Fwp%2Fv2%2Ftags&post=3107"}],"curies":[{"name":"wp","href":"https:\/\/api.w.org\/{rel}","templated":true}]}}