{"id":3118,"date":"2013-04-01T00:00:00","date_gmt":"2013-04-01T00:00:00","guid":{"rendered":""},"modified":"2025-08-04T11:52:23","modified_gmt":"2025-08-04T15:52:23","slug":"victima-1-173","status":"publish","type":"post","link":"https:\/\/interactivos.museodelamemoria.cl\/victims\/?p=3118","title":{"rendered":"MARIN ROSSEL JORGE ROGELIO"},"content":{"rendered":"\n<hr class=\"wp-block-separator has-text-color has-white-color has-alpha-channel-opacity has-white-background-color has-background is-style-default\"\/>\n\n\n<p><strong>Instancia Calificadora:<\/strong> CVR violaci\u00f3n de DDHH<\/p><p><strong>Militancia:<\/strong> PS<\/p><p><strong>Regi\u00f3n:<\/strong> I Tarapac\u00e1<\/p><p><strong>Ciudad:<\/strong> IQUIQUE<\/p><p><strong>Comuna:<\/strong> IQUIQUE<\/p><p><strong>Fecha Detenci\u00f3n\/Muerte:<\/strong> 28-09-1973<\/p><p><strong>Ocupaci\u00f3n:<\/strong> TECNICO ASTILLERO EMPORCHI<\/p><p><strong>Edad:<\/strong> 19<\/p>\n\n\n\n<hr class=\"wp-block-separator has-text-color has-white-color has-alpha-channel-opacity has-white-background-color has-background is-style-default\"\/>\n\n\n\n<p>Desde el 30 de septiembre de 1973 permanecen desaparecidos luego de su detenci\u00f3n:<\/p>\n\n\n\n<p>Jorge MARIN ROSSEL, 19 a\u00f1os, empleado de la Empresa Portuaria de Chile (EMPORCHI), militante del Partido Socialista y William MILLAR SANHUEZA, 42 a\u00f1os, trabajador de Ferrocarriles del Estado.<\/p>\n\n\n\n<p>Ambos hab\u00edan sido detenidos en los d\u00edas posteriores al 11 de septiembre, en la ciudad de Iquique y trasladados al Regimiento de Telecomunicaciones.<\/p>\n\n\n\n<p>La Prensa de Iquique inform\u00f3 a fines de Septiembre de 1973 que \u00abLa Jefatura de Zona de Estado de Sitio por el Bando N\u00ba 64, de 30 de septiembre de 1973, ha dispuesto la detenci\u00f3n con orden de disparar sobre dos extremistas que se fugaron de un lugar donde estaban recluidos\u00bb. Seg\u00fan la informaci\u00f3n oficial las personas individualizadas habr\u00edan huido desde el mismo Regimiento de Telecomunicaciones de Iquique. Nunca se entreg\u00f3 explicaci\u00f3n oficial sobre el paradero de los supuestos fugitivos y por lo mismo no hay certificaci\u00f3n oficial de sus muertes.<\/p>\n\n\n\n<p>Resulta inveros\u00edmil para los miembros de esta Comisi\u00f3n que dos personas detenidas en un Regimiento Militar se hayan podido fugar de ese lugar con medidas de custodia tan severas como las existentes en el per\u00edodo. No se llev\u00f3 a cabo tampoco una investigaci\u00f3n interna ante un hecho de esta naturaleza que, al menos, habr\u00eda implicado la negligencia de alg\u00fan efectivo. Debe tambi\u00e9n tenerse presente que muchas de las otras personas que se informaron como libres en esta zona aparecieron en la fosa de Pisagua en 1990.<\/p>\n\n\n\n<p>Por otra parte, el conscripto Pedro Prado, que en la informaci\u00f3n oficial de entonces aparece como muerto por Mar\u00edn y Millar al evadirse, ahora, en nuevas y reiteradas informaciones tambi\u00e9n oficiales, es declarado como fallecido en otras circunstancias.<\/p>\n\n\n\n<p>Esta Comisi\u00f3n ha llegado a la convicci\u00f3n que ambas personas fueron detenidas por agentes del Estado y desaparecieron a manos de sus aprehensores, violando sus derechos humanos.<\/p>\n\n\n\n<hr class=\"wp-block-separator has-alpha-channel-opacity is-style-wide\"\/>\n\n\n\n<blockquote class=\"wp-block-quote is-layout-flow wp-block-quote-is-layout-flow\">\n<p class=\"has-medium-gray-color has-text-color has-link-color has-small-font-size wp-elements-a92ec575e5fa1efcbfd6d8a36616fffb\">Para revisar informaci\u00f3n judicial sobre esta persona acceda al repositorio del Proyecto Expedientes de la Represi\u00f3n, que recopila las sentencias judiciales dictadas en los procesos penales ya concluidos por violaciones de derechos humanos cometidas durante la dictadura.<\/p>\n<\/blockquote>\n\n\n\n<figure class=\"wp-block-image size-full\"><a href=\"https:\/\/expedientesdelarepresion.cl\/causa\/caso-pisagua-episodio-jorge-rogelio-marin-rossel-y-williams-millar-sanhueza\/\"><img loading=\"lazy\" decoding=\"async\" width=\"126\" height=\"121\" src=\"https:\/\/interactivos.museodelamemoria.cl\/victims\/wp-content\/uploads\/2013\/04\/image.png\" alt=\"\" class=\"wp-image-8174\"\/><\/a><\/figure>\n\n\n\n<p><\/p>\n","protected":false},"excerpt":{"rendered":"<p>\tJorge Mar\u00edn Rossel, 19 a\u00f1os, empleado de la Empresa Portuaria de Chile (EMPORCHI), militante del Partido Socialista. Detenido desaparecido desde el 28 de septiembre de 1973 en Iquique.\t &hellip; <a href=\"https:\/\/interactivos.museodelamemoria.cl\/victims\/?p=3118\" class=\"more-link\"><span class=\"readmore\">Averigua m\u00e1s acerca de esta v\u00edctima&#8230;<span class=\"screen-reader-text\">MARIN ROSSEL JORGE ROGELIO<\/span><\/span><\/a><\/p>\n","protected":false},"author":1,"featured_media":0,"comment_status":"open","ping_status":"open","sticky":false,"template":"","format":"standard","meta":{"footnotes":""},"categories":[6],"tags":[],"class_list":["post-3118","post","type-post","status-publish","format-standard","hentry","category-detenido-desaparecido"],"_links":{"self":[{"href":"https:\/\/interactivos.museodelamemoria.cl\/victims\/index.php?rest_route=\/wp\/v2\/posts\/3118"}],"collection":[{"href":"https:\/\/interactivos.museodelamemoria.cl\/victims\/index.php?rest_route=\/wp\/v2\/posts"}],"about":[{"href":"https:\/\/interactivos.museodelamemoria.cl\/victims\/index.php?rest_route=\/wp\/v2\/types\/post"}],"author":[{"embeddable":true,"href":"https:\/\/interactivos.museodelamemoria.cl\/victims\/index.php?rest_route=\/wp\/v2\/users\/1"}],"replies":[{"embeddable":true,"href":"https:\/\/interactivos.museodelamemoria.cl\/victims\/index.php?rest_route=%2Fwp%2Fv2%2Fcomments&post=3118"}],"version-history":[{"count":3,"href":"https:\/\/interactivos.museodelamemoria.cl\/victims\/index.php?rest_route=\/wp\/v2\/posts\/3118\/revisions"}],"predecessor-version":[{"id":8750,"href":"https:\/\/interactivos.museodelamemoria.cl\/victims\/index.php?rest_route=\/wp\/v2\/posts\/3118\/revisions\/8750"}],"wp:attachment":[{"href":"https:\/\/interactivos.museodelamemoria.cl\/victims\/index.php?rest_route=%2Fwp%2Fv2%2Fmedia&parent=3118"}],"wp:term":[{"taxonomy":"category","embeddable":true,"href":"https:\/\/interactivos.museodelamemoria.cl\/victims\/index.php?rest_route=%2Fwp%2Fv2%2Fcategories&post=3118"},{"taxonomy":"post_tag","embeddable":true,"href":"https:\/\/interactivos.museodelamemoria.cl\/victims\/index.php?rest_route=%2Fwp%2Fv2%2Ftags&post=3118"}],"curies":[{"name":"wp","href":"https:\/\/api.w.org\/{rel}","templated":true}]}}