{"id":3122,"date":"2013-04-01T00:00:00","date_gmt":"2013-04-01T00:00:00","guid":{"rendered":""},"modified":"2025-08-04T11:08:46","modified_gmt":"2025-08-04T15:08:46","slug":"victima-1-378","status":"publish","type":"post","link":"https:\/\/interactivos.museodelamemoria.cl\/victims\/?p=3122","title":{"rendered":"MEDINA HERNANDEZ RODRIGO ALEJANDRO"},"content":{"rendered":"\n<hr class=\"wp-block-separator has-text-color has-white-color has-alpha-channel-opacity has-white-background-color has-background is-style-default\"\/>\n\n\n<p><strong>Instancia Calificadora:<\/strong> CVR violaci\u00f3n de DDHH<\/p><p><strong>Militancia:<\/strong> MIR<\/p><p><strong>Regi\u00f3n:<\/strong> RM Metropolitana<\/p><p><strong>Ciudad:<\/strong> SANTIAGO<\/p><p><strong>Comuna:<\/strong> LA CISTERNA<\/p><p><strong>Fecha Detenci\u00f3n\/Muerte:<\/strong> 27-05-1976<\/p><p><strong>Ocupaci\u00f3n:<\/strong> ESTUDIANTE UNIVERSITARIO<\/p><p><strong>Edad:<\/strong> 18<\/p>\n\n\n\n<hr class=\"wp-block-separator has-text-color has-white-color has-alpha-channel-opacity has-white-background-color has-background is-style-default\"\/>\n\n\n\n<p>El 7 de mayo de 1976 fue detenido en la v\u00eda p\u00fablica el estudiante de Filosof\u00eda y militante del MIR Rodrigo Alejandro MEDINA HERNANDEZ, a quien se vio por \u00faltima vez en agosto de ese a\u00f1o en Villa Grimaldi.<\/p>\n\n\n\n<p>La Comisi\u00f3n est\u00e1 convencida de que su desaparici\u00f3n fue obra de agentes del Estado, quienes violaron as\u00ed sus derechos humanos.<\/p>\n\n\n\n<p><strong><em>Nota de rectificaci\u00f3n: Seg\u00fan la informaci\u00f3n proporcionada por familiares, la fecha de detenci\u00f3n indicada en el Informe de la Comisi\u00f3n Nacional de Verdad &nbsp;y Reconciliaci\u00f3n (Volumen II, Tomo 3, p\u00e1gina 244) es err\u00f3nea. Rodrigo Alejandro Medina Hern\u00e1ndez fue detenido el 27 de mayo de 1976.<\/em><\/strong><\/p>\n\n\n\n<hr class=\"wp-block-separator has-alpha-channel-opacity is-style-wide\"\/>\n\n\n\n<blockquote class=\"wp-block-quote is-layout-flow wp-block-quote-is-layout-flow\">\n<p class=\"has-medium-gray-color has-text-color has-link-color has-small-font-size wp-elements-a92ec575e5fa1efcbfd6d8a36616fffb\">Para revisar informaci\u00f3n judicial sobre esta persona acceda al repositorio del Proyecto Expedientes de la Represi\u00f3n, que recopila las sentencias judiciales dictadas en los procesos penales ya concluidos por violaciones de derechos humanos cometidas durante la dictadura.<\/p>\n<\/blockquote>\n\n\n\n<figure class=\"wp-block-image size-full\"><a href=\"https:\/\/expedientesdelarepresion.cl\/causa\/caso-rodrigo-medina-hernandez-luis-nunez-rojas-y-oscar-dante-valdivia-gonzalez\/\"><img loading=\"lazy\" decoding=\"async\" width=\"126\" height=\"121\" src=\"https:\/\/interactivos.museodelamemoria.cl\/victims\/wp-content\/uploads\/2013\/04\/image.png\" alt=\"\" class=\"wp-image-8174\"\/><\/a><\/figure>\n\n\n\n<p><\/p>\n","protected":false},"excerpt":{"rendered":"<p>\tRodrigo Alejandro Medina Hern\u00e1ndez, 18 a\u00f1os, estudiante universitario, militante del Movimiento de Izquierda Revolucionaria (MIR). Detenido desaparecido desde el 7 de mayo de 1976 en Santiago. \t &hellip; <a href=\"https:\/\/interactivos.museodelamemoria.cl\/victims\/?p=3122\" class=\"more-link\"><span class=\"readmore\">Averigua m\u00e1s acerca de esta v\u00edctima&#8230;<span class=\"screen-reader-text\">MEDINA HERNANDEZ RODRIGO ALEJANDRO<\/span><\/span><\/a><\/p>\n","protected":false},"author":1,"featured_media":0,"comment_status":"open","ping_status":"open","sticky":false,"template":"","format":"standard","meta":{"footnotes":""},"categories":[6],"tags":[],"class_list":["post-3122","post","type-post","status-publish","format-standard","hentry","category-detenido-desaparecido"],"_links":{"self":[{"href":"https:\/\/interactivos.museodelamemoria.cl\/victims\/index.php?rest_route=\/wp\/v2\/posts\/3122"}],"collection":[{"href":"https:\/\/interactivos.museodelamemoria.cl\/victims\/index.php?rest_route=\/wp\/v2\/posts"}],"about":[{"href":"https:\/\/interactivos.museodelamemoria.cl\/victims\/index.php?rest_route=\/wp\/v2\/types\/post"}],"author":[{"embeddable":true,"href":"https:\/\/interactivos.museodelamemoria.cl\/victims\/index.php?rest_route=\/wp\/v2\/users\/1"}],"replies":[{"embeddable":true,"href":"https:\/\/interactivos.museodelamemoria.cl\/victims\/index.php?rest_route=%2Fwp%2Fv2%2Fcomments&post=3122"}],"version-history":[{"count":2,"href":"https:\/\/interactivos.museodelamemoria.cl\/victims\/index.php?rest_route=\/wp\/v2\/posts\/3122\/revisions"}],"predecessor-version":[{"id":8731,"href":"https:\/\/interactivos.museodelamemoria.cl\/victims\/index.php?rest_route=\/wp\/v2\/posts\/3122\/revisions\/8731"}],"wp:attachment":[{"href":"https:\/\/interactivos.museodelamemoria.cl\/victims\/index.php?rest_route=%2Fwp%2Fv2%2Fmedia&parent=3122"}],"wp:term":[{"taxonomy":"category","embeddable":true,"href":"https:\/\/interactivos.museodelamemoria.cl\/victims\/index.php?rest_route=%2Fwp%2Fv2%2Fcategories&post=3122"},{"taxonomy":"post_tag","embeddable":true,"href":"https:\/\/interactivos.museodelamemoria.cl\/victims\/index.php?rest_route=%2Fwp%2Fv2%2Ftags&post=3122"}],"curies":[{"name":"wp","href":"https:\/\/api.w.org\/{rel}","templated":true}]}}