{"id":3123,"date":"2013-04-01T00:00:00","date_gmt":"2013-04-01T00:00:00","guid":{"rendered":""},"modified":"2013-04-01T00:00:00","modified_gmt":"2013-04-01T00:00:00","slug":"victima-1","status":"publish","type":"post","link":"https:\/\/interactivos.museodelamemoria.cl\/victims\/?p=3123","title":{"rendered":"MENARES DIAZ RENE ERNESTO"},"content":{"rendered":"<hr class=\"wp-block-separator has-text-color has-white-color has-alpha-channel-opacity has-white-background-color has-background is-style-default\"\/><p><strong>Instancia Calificadora:<\/strong> CNRR violaci\u00f3n de DDHH<\/p><p><strong>Militancia:<\/strong> Sin Militancia<\/p><p><strong>Regi\u00f3n:<\/strong> RM Metropolitana<\/p><p><strong>Ciudad:<\/strong> SANTIAGO<\/p><p><strong>Comuna:<\/strong> RENCA<\/p><p><strong>Fecha Detenci\u00f3n\/Muerte:<\/strong> 29-10-1974<\/p><p><strong>Ocupaci\u00f3n:<\/strong> AYUDANTE TALLER DE CALZADO<\/p><p><strong>Edad:<\/strong> 30<\/p>\n<hr class=\"wp-block-separator has-text-color has-white-color has-alpha-channel-opacity has-white-background-color has-background is-style-default\"\/>\tRen\u00e9 Ernesto Menares D\u00edaz fue detenido ese d\u00eda alrededor de las 15:30 horas, en la calle Luis Emilio Recabarren, actualmente llamada La Marquesita, en la comuna de Renca, por personas vestidas de civil, mientras esperaba locomoci\u00f3n colectiva; desde esa fecha permanece desaparecido. \r\n\r\nDe acuerdo con un testigo presencial, Ren\u00e9 Menares fue detenido a pocos metros del lugar donde trabajaba por un grupo de civiles no identificados que lo obligaron a la fuerza a introducirse en un veh\u00edculo particular y despu\u00e9s se alejaron con destino desconocido.\r\n\r\nSeg\u00fan los testimonios, despu\u00e9s de ocurrido el golpe militar, Menares D\u00edaz se reun\u00eda habitualmente con miembros del Partido Comunista, entre ellos Humberto Fuentes Rodr\u00edguez, dirigente de ese partido y ex regidor de la comuna de Renca, quien tambi\u00e9n se encuentra desaparecido y cuyo caso fue consignado en el Informe de la Comisi\u00f3n Nacional de Verdad y Reconciliaci\u00f3n como v\u00edctima de violaci\u00f3n de derechos humanos.\r\n\r\nConsiderando los antecedentes reunidos y la investigaci\u00f3n realizada por esta Corporaci\u00f3n, el Consejo Superior lleg\u00f3 a la convicci\u00f3n de que Ren\u00e9 Ernesto Menares D\u00edaz fue hecho desaparecer mientras se encontraba detenido por agentes del Estado. En consecuencia, lo declar\u00f3 v\u00edctima de violaci\u00f3n de derechos humanos.\t","protected":false},"excerpt":{"rendered":"<p>\tRen\u00e9 Ernesto Menares D\u00edaz, 30 a\u00f1os, trabajador. Detenido desaparecido desde el 29 de octubre de 1974 en Santiago.\t &hellip; <a href=\"https:\/\/interactivos.museodelamemoria.cl\/victims\/?p=3123\" class=\"more-link\"><span class=\"readmore\">Averigua m\u00e1s acerca de esta v\u00edctima&#8230;<span class=\"screen-reader-text\">MENARES DIAZ RENE ERNESTO<\/span><\/span><\/a><\/p>\n","protected":false},"author":1,"featured_media":0,"comment_status":"open","ping_status":"open","sticky":false,"template":"","format":"standard","meta":{"footnotes":""},"categories":[6],"tags":[],"class_list":["post-3123","post","type-post","status-publish","format-standard","hentry","category-detenido-desaparecido"],"_links":{"self":[{"href":"https:\/\/interactivos.museodelamemoria.cl\/victims\/index.php?rest_route=\/wp\/v2\/posts\/3123"}],"collection":[{"href":"https:\/\/interactivos.museodelamemoria.cl\/victims\/index.php?rest_route=\/wp\/v2\/posts"}],"about":[{"href":"https:\/\/interactivos.museodelamemoria.cl\/victims\/index.php?rest_route=\/wp\/v2\/types\/post"}],"author":[{"embeddable":true,"href":"https:\/\/interactivos.museodelamemoria.cl\/victims\/index.php?rest_route=\/wp\/v2\/users\/1"}],"replies":[{"embeddable":true,"href":"https:\/\/interactivos.museodelamemoria.cl\/victims\/index.php?rest_route=%2Fwp%2Fv2%2Fcomments&post=3123"}],"version-history":[{"count":0,"href":"https:\/\/interactivos.museodelamemoria.cl\/victims\/index.php?rest_route=\/wp\/v2\/posts\/3123\/revisions"}],"wp:attachment":[{"href":"https:\/\/interactivos.museodelamemoria.cl\/victims\/index.php?rest_route=%2Fwp%2Fv2%2Fmedia&parent=3123"}],"wp:term":[{"taxonomy":"category","embeddable":true,"href":"https:\/\/interactivos.museodelamemoria.cl\/victims\/index.php?rest_route=%2Fwp%2Fv2%2Fcategories&post=3123"},{"taxonomy":"post_tag","embeddable":true,"href":"https:\/\/interactivos.museodelamemoria.cl\/victims\/index.php?rest_route=%2Fwp%2Fv2%2Ftags&post=3123"}],"curies":[{"name":"wp","href":"https:\/\/api.w.org\/{rel}","templated":true}]}}