{"id":3125,"date":"2013-04-01T00:00:00","date_gmt":"2013-04-01T00:00:00","guid":{"rendered":""},"modified":"2024-09-06T14:25:11","modified_gmt":"2024-09-06T14:25:11","slug":"victima-1-927","status":"publish","type":"post","link":"https:\/\/interactivos.museodelamemoria.cl\/victims\/?p=3125","title":{"rendered":"MILLALEN HUENCHU\u00d1IR PEDRO"},"content":{"rendered":"<hr class=\"wp-block-separator has-text-color has-white-color has-alpha-channel-opacity has-white-background-color has-background is-style-default\"\/><p><strong>Instancia Calificadora:<\/strong> CVR violaci\u00f3n de DDHH<\/p><p><strong>Militancia:<\/strong> PC<\/p><p><strong>Regi\u00f3n:<\/strong> IX Araucan\u00eda<\/p><p><strong>Ciudad:<\/strong> LAUTARO<\/p><p><strong>Comuna:<\/strong> LAUTARO<\/p><p><strong>Fecha Detenci\u00f3n\/Muerte:<\/strong> 29-09-1973<\/p><p><strong>Ocupaci\u00f3n:<\/strong> OBRERO AGRICOLA<\/p><p><strong>Edad:<\/strong> 35<\/p>\n<hr class=\"wp-block-separator has-text-color has-white-color has-alpha-channel-opacity has-white-background-color has-background is-style-default\"\/><p>El 29 de septiembre de 1973, Pedro MILLALEN HUENCHU\u00d1IR, 35 a\u00f1os, casado, militante del Partido Comunista, obrero agr\u00edcola, es detenido por Carabineros acompa\u00f1ados de civiles, en el Asentamiento Campo Lindo.  Testigos que declararon ante esta Comisi\u00f3n vieron cuando fue golpeado por los efectivos y subido a un veh\u00edculo de propiedad de los civiles que los acompa\u00f1aban, para finalmente ingresarlo a la casa de uno de \u00e9stos \u00faltimos, perdi\u00e9ndose luego todo rastro.<\/p>\n<p>Acreditada ante esta Comisi\u00f3n su detenci\u00f3n y dado que no hay noticias del afectado desde hace diecisiete a\u00f1os sin haberse encontrado razones naturales para ello, se llega a la convicci\u00f3n que Pedro Millal\u00e9n fue objeto de graves violaciones a sus derechos humanos por haber sido detenido y hecho desaparecer por agentes del Estado.<\/p>\n\n\n<blockquote class=\"wp-block-quote is-layout-flow wp-block-quote-is-layout-flow\">\n<hr class=\"wp-block-separator has-alpha-channel-opacity\"\/>\n<cite><br>Para revisar informaci\u00f3n judicial sobre esta persona acceda al repositorio del Proyecto Expedientes de la Represi\u00f3n, que recopila las sentencias judiciales dictadas en los procesos penales ya concluidos por violaciones de derechos humanos cometidas durante la dictadura.<\/cite><\/blockquote>\n\n\n\n<figure class=\"wp-block-image size-full is-resized\"><a href=\"https:\/\/expedientesdelarepresion.cl\/causa\/episodio-pueblo-mapuche-pedro-millalen\/\"><img loading=\"lazy\" decoding=\"async\" width=\"126\" height=\"121\" src=\"https:\/\/interactivos.museodelamemoria.cl\/victimas\/wp-content\/uploads\/2024\/07\/logo-expedientes-de-la-represion_ok-e1721845389628.png\" alt=\"\" class=\"wp-image-5088\" style=\"width:110px;height:auto\"\/><\/a><\/figure>\n","protected":false},"excerpt":{"rendered":"<p>\tPedro Millalen Huenchu\u00f1ir, 35 a\u00f1os,  obrero agr\u00edcola, militante del Partido Comunista. Detenido desaparecido desde el 29 de septiembre de 1973 en Lautaro.\t &hellip; <a href=\"https:\/\/interactivos.museodelamemoria.cl\/victims\/?p=3125\" class=\"more-link\"><span class=\"readmore\">Averigua m\u00e1s acerca de esta v\u00edctima&#8230;<span class=\"screen-reader-text\">MILLALEN HUENCHU\u00d1IR PEDRO<\/span><\/span><\/a><\/p>\n","protected":false},"author":1,"featured_media":0,"comment_status":"open","ping_status":"open","sticky":false,"template":"","format":"standard","meta":{"footnotes":""},"categories":[6],"tags":[],"class_list":["post-3125","post","type-post","status-publish","format-standard","hentry","category-detenido-desaparecido"],"_links":{"self":[{"href":"https:\/\/interactivos.museodelamemoria.cl\/victims\/index.php?rest_route=\/wp\/v2\/posts\/3125"}],"collection":[{"href":"https:\/\/interactivos.museodelamemoria.cl\/victims\/index.php?rest_route=\/wp\/v2\/posts"}],"about":[{"href":"https:\/\/interactivos.museodelamemoria.cl\/victims\/index.php?rest_route=\/wp\/v2\/types\/post"}],"author":[{"embeddable":true,"href":"https:\/\/interactivos.museodelamemoria.cl\/victims\/index.php?rest_route=\/wp\/v2\/users\/1"}],"replies":[{"embeddable":true,"href":"https:\/\/interactivos.museodelamemoria.cl\/victims\/index.php?rest_route=%2Fwp%2Fv2%2Fcomments&post=3125"}],"version-history":[{"count":1,"href":"https:\/\/interactivos.museodelamemoria.cl\/victims\/index.php?rest_route=\/wp\/v2\/posts\/3125\/revisions"}],"predecessor-version":[{"id":6684,"href":"https:\/\/interactivos.museodelamemoria.cl\/victims\/index.php?rest_route=\/wp\/v2\/posts\/3125\/revisions\/6684"}],"wp:attachment":[{"href":"https:\/\/interactivos.museodelamemoria.cl\/victims\/index.php?rest_route=%2Fwp%2Fv2%2Fmedia&parent=3125"}],"wp:term":[{"taxonomy":"category","embeddable":true,"href":"https:\/\/interactivos.museodelamemoria.cl\/victims\/index.php?rest_route=%2Fwp%2Fv2%2Fcategories&post=3125"},{"taxonomy":"post_tag","embeddable":true,"href":"https:\/\/interactivos.museodelamemoria.cl\/victims\/index.php?rest_route=%2Fwp%2Fv2%2Ftags&post=3125"}],"curies":[{"name":"wp","href":"https:\/\/api.w.org\/{rel}","templated":true}]}}