{"id":3130,"date":"2013-04-01T00:00:00","date_gmt":"2013-04-01T00:00:00","guid":{"rendered":""},"modified":"2024-09-03T15:08:19","modified_gmt":"2024-09-03T15:08:19","slug":"victima-1-632","status":"publish","type":"post","link":"https:\/\/interactivos.museodelamemoria.cl\/victims\/?p=3130","title":{"rendered":"MIRANDA SEGOVIA OSCAR HERNAN ENRIQUE"},"content":{"rendered":"<hr class=\"wp-block-separator has-text-color has-white-color has-alpha-channel-opacity has-white-background-color has-background is-style-default\"\/><p><strong>Instancia Calificadora:<\/strong> CNRR violaci\u00f3n de DDHH<\/p><p><strong>Militancia:<\/strong> Sin Militancia<\/p><p><strong>Regi\u00f3n:<\/strong> RM Metropolitana<\/p><p><strong>Ciudad:<\/strong> MELIPILLA<\/p><p><strong>Comuna:<\/strong> MELIPILLA<\/p><p><strong>Fecha Detenci\u00f3n\/Muerte:<\/strong> 17-10-1973<\/p><p><strong>Ocupaci\u00f3n:<\/strong> SUPLEMENTERO<\/p><p><strong>Edad:<\/strong> 17<\/p>\n<hr class=\"wp-block-separator has-text-color has-white-color has-alpha-channel-opacity has-white-background-color has-background is-style-default\"\/><p>Oscar Hern\u00e1n Enrique Miranda Segovia fue detenido ese d\u00eda, en Melipilla, por un grupo de civiles; entre ellos se encontraba un m\u00e9dico funcionario de Carabineros. Fue trasladado a la Comisar\u00eda de Carabineros de Melipilla. Desde entonces se encuentra desaparecido.<\/p>\n<p>De acuerdo con las declaraciones prestadas por familiares y seg\u00fan antecedentes obtenidos del proceso judicial, el d\u00eda se\u00f1alado, en circunstancias que el menor se movilizaba en bicicleta, al llegar a la intersecci\u00f3n de las calles San Miguel con Ort\u00fazar, en Melipilla, fue impactado por una camioneta conducida por un m\u00e9dico funcionario de Carabineros. Tras un intercambio de palabras, Oscar Miranda sigui\u00f3 su rumbo; sin embargo, fue seguido por el m\u00e9dico y un grupo de civiles que se hab\u00edan percatado del incidente.  Al darle alcance, lo detuvieron y lo subieron a golpes al veh\u00edculo. En estas condiciones fue llevado a la Comisar\u00eda de Carabineros de Melipilla.<\/p>\n<p>El 24 de julio de 1991, la hermana del menor present\u00f3 una querella criminal por el delito de secuestro ante el Primer Juzgado de Melipilla. En este proceso, el m\u00e9dico implicado declar\u00f3 que efectivamente \u00e9l entreg\u00f3 al menor a la Comisar\u00eda luego de detenerlo y que al otro d\u00eda, al inquirir informaci\u00f3n en el cuartel policial, se le se\u00f1al\u00f3 que el joven hab\u00eda sido expulsado de la ciudad y que no pod\u00eda volver nunca m\u00e1s a ella. <\/p>\n<p>Otro testigo que estuvo detenido en la misma fecha narr\u00f3 a la familia de Oscar Miranda que vio cuando carabineros lo sacaron de la unidad policial, alrededor de las 3:00 horas del 18 de octubre, con rumbo desconocido.<\/p>\n<p>Considerando los antecedentes reunidos y la investigaci\u00f3n realizada, el Consejo Superior lleg\u00f3 a la convicci\u00f3n de que Oscar Hern\u00e1n Enrique Miranda Segovia, encontr\u00e1ndose detenido por agentes del Estado, fue hecho desaparecer.  En consecuencia, lo declar\u00f3 v\u00edctima de violaci\u00f3n de derechos humanos.<\/p>\n\n\n<blockquote class=\"wp-block-quote is-layout-flow wp-block-quote-is-layout-flow\">\n<hr class=\"wp-block-separator has-alpha-channel-opacity\"\/>\n<cite><br>Para revisar informaci\u00f3n judicial sobre esta persona acceda al repositorio del Proyecto Expedientes de la Represi\u00f3n, que recopila las sentencias judiciales dictadas en los procesos penales ya concluidos por violaciones de derechos humanos cometidas durante la dictadura.<\/cite><\/blockquote>\n\n\n\n<figure class=\"wp-block-image is-resized\"><a href=\"https:\/\/expedientesdelarepresion.cl\/causa\/oscar-hernan-enrique-miranda-segovia\/\" target=\"_blank\" rel=\"noreferrer noopener\"><img loading=\"lazy\" decoding=\"async\" width=\"126\" height=\"121\" src=\"https:\/\/interactivos.museodelamemoria.cl\/victimas\/wp-content\/uploads\/2024\/07\/logo-expedientes-de-la-represion_ok-e1721845389628.png\" alt=\"\" class=\"wp-image-5088\" style=\"width:116px;height:auto\"\/><\/a><\/figure>\n","protected":false},"excerpt":{"rendered":"<p>\tOscar Hern\u00e1n Enrique Miranda Segovia, 17 a\u00f1os, suplementero. Detenido desaparecido desde el 17 de octubre de 1973 en Melipilla.\t &hellip; <a href=\"https:\/\/interactivos.museodelamemoria.cl\/victims\/?p=3130\" class=\"more-link\"><span class=\"readmore\">Averigua m\u00e1s acerca de esta v\u00edctima&#8230;<span class=\"screen-reader-text\">MIRANDA SEGOVIA OSCAR HERNAN ENRIQUE<\/span><\/span><\/a><\/p>\n","protected":false},"author":1,"featured_media":0,"comment_status":"open","ping_status":"open","sticky":false,"template":"","format":"standard","meta":{"footnotes":""},"categories":[6],"tags":[],"class_list":["post-3130","post","type-post","status-publish","format-standard","hentry","category-detenido-desaparecido"],"_links":{"self":[{"href":"https:\/\/interactivos.museodelamemoria.cl\/victims\/index.php?rest_route=\/wp\/v2\/posts\/3130"}],"collection":[{"href":"https:\/\/interactivos.museodelamemoria.cl\/victims\/index.php?rest_route=\/wp\/v2\/posts"}],"about":[{"href":"https:\/\/interactivos.museodelamemoria.cl\/victims\/index.php?rest_route=\/wp\/v2\/types\/post"}],"author":[{"embeddable":true,"href":"https:\/\/interactivos.museodelamemoria.cl\/victims\/index.php?rest_route=\/wp\/v2\/users\/1"}],"replies":[{"embeddable":true,"href":"https:\/\/interactivos.museodelamemoria.cl\/victims\/index.php?rest_route=%2Fwp%2Fv2%2Fcomments&post=3130"}],"version-history":[{"count":3,"href":"https:\/\/interactivos.museodelamemoria.cl\/victims\/index.php?rest_route=\/wp\/v2\/posts\/3130\/revisions"}],"predecessor-version":[{"id":5915,"href":"https:\/\/interactivos.museodelamemoria.cl\/victims\/index.php?rest_route=\/wp\/v2\/posts\/3130\/revisions\/5915"}],"wp:attachment":[{"href":"https:\/\/interactivos.museodelamemoria.cl\/victims\/index.php?rest_route=%2Fwp%2Fv2%2Fmedia&parent=3130"}],"wp:term":[{"taxonomy":"category","embeddable":true,"href":"https:\/\/interactivos.museodelamemoria.cl\/victims\/index.php?rest_route=%2Fwp%2Fv2%2Fcategories&post=3130"},{"taxonomy":"post_tag","embeddable":true,"href":"https:\/\/interactivos.museodelamemoria.cl\/victims\/index.php?rest_route=%2Fwp%2Fv2%2Ftags&post=3130"}],"curies":[{"name":"wp","href":"https:\/\/api.w.org\/{rel}","templated":true}]}}