{"id":3131,"date":"2013-04-01T00:00:00","date_gmt":"2013-04-01T00:00:00","guid":{"rendered":""},"modified":"2013-04-01T00:00:00","modified_gmt":"2013-04-01T00:00:00","slug":"victima-1","status":"publish","type":"post","link":"https:\/\/interactivos.museodelamemoria.cl\/victims\/?p=3131","title":{"rendered":"MISSENE BURGOS RENE"},"content":{"rendered":"<hr class=\"wp-block-separator has-text-color has-white-color has-alpha-channel-opacity has-white-background-color has-background is-style-default\"\/><p><strong>Instancia Calificadora:<\/strong> CVR violaci\u00f3n de DDHH<\/p><p><strong>Militancia:<\/strong> Sin Militancia<\/p><p><strong>Regi\u00f3n:<\/strong> VIII Biob\u00edo<\/p><p><strong>Ciudad:<\/strong> CHILLAN<\/p><p><strong>Comuna:<\/strong> CHILLAN<\/p><p><strong>Fecha Detenci\u00f3n\/Muerte:<\/strong> 08-05-1974<\/p><p><strong>Ocupaci\u00f3n:<\/strong> MECANICO<\/p><p><strong>Edad:<\/strong> 35<\/p>\n<hr class=\"wp-block-separator has-text-color has-white-color has-alpha-channel-opacity has-white-background-color has-background is-style-default\"\/>\tEl 8 de mayo de 1974 fue detenido Ren\u00e9 MISSENE BURGOS en su casa en Chillan por un grupo de civiles, quienes se lo llevaron diciendo que en su calidad de mec\u00e1nico lo necesitaban para que reparara un autom\u00f3vil en el Ret\u00e9n de Carabineros de Cobquecura.  En este Ret\u00e9n le fue reconocido a la c\u00f3nyuge de la v\u00edctima que hab\u00eda estado detenido all\u00ed, pero se le manifest\u00f3 que posteriormente hab\u00eda sido conducido al Regimiento de Chill\u00e1n por los aprehensores, que no eran funcionarios de ese Ret\u00e9n y que se hab\u00edan identificado como miembros de Inteligencia Militar.\r\n\r\nEn el proceso criminal iniciado posteriormente, estas afirmaciones fueron negadas por Carabineros, sin haberse podido precisar el destino de la v\u00edctima.  Sin embargo, la detenci\u00f3n, las circunstancias posteriores ya relatadas y el hecho de que no se haya vuelto a saber de la v\u00edctima permiten a esta Comisi\u00f3n afirmar de que desapareci\u00f3 por obra de agentes del Estado, quienes violaron as\u00ed sus derechos humanos.\t","protected":false},"excerpt":{"rendered":"<p>\tRen\u00e9 Missene Burgos, 35 a\u00f1os, mec\u00e1nico. Detenido desaparecido desde el 8 de mayo de 1974 en Chill\u00e1n. \t &hellip; <a href=\"https:\/\/interactivos.museodelamemoria.cl\/victims\/?p=3131\" class=\"more-link\"><span class=\"readmore\">Averigua m\u00e1s acerca de esta v\u00edctima&#8230;<span class=\"screen-reader-text\">MISSENE BURGOS RENE<\/span><\/span><\/a><\/p>\n","protected":false},"author":1,"featured_media":0,"comment_status":"open","ping_status":"open","sticky":false,"template":"","format":"standard","meta":{"footnotes":""},"categories":[6],"tags":[],"class_list":["post-3131","post","type-post","status-publish","format-standard","hentry","category-detenido-desaparecido"],"_links":{"self":[{"href":"https:\/\/interactivos.museodelamemoria.cl\/victims\/index.php?rest_route=\/wp\/v2\/posts\/3131"}],"collection":[{"href":"https:\/\/interactivos.museodelamemoria.cl\/victims\/index.php?rest_route=\/wp\/v2\/posts"}],"about":[{"href":"https:\/\/interactivos.museodelamemoria.cl\/victims\/index.php?rest_route=\/wp\/v2\/types\/post"}],"author":[{"embeddable":true,"href":"https:\/\/interactivos.museodelamemoria.cl\/victims\/index.php?rest_route=\/wp\/v2\/users\/1"}],"replies":[{"embeddable":true,"href":"https:\/\/interactivos.museodelamemoria.cl\/victims\/index.php?rest_route=%2Fwp%2Fv2%2Fcomments&post=3131"}],"version-history":[{"count":0,"href":"https:\/\/interactivos.museodelamemoria.cl\/victims\/index.php?rest_route=\/wp\/v2\/posts\/3131\/revisions"}],"wp:attachment":[{"href":"https:\/\/interactivos.museodelamemoria.cl\/victims\/index.php?rest_route=%2Fwp%2Fv2%2Fmedia&parent=3131"}],"wp:term":[{"taxonomy":"category","embeddable":true,"href":"https:\/\/interactivos.museodelamemoria.cl\/victims\/index.php?rest_route=%2Fwp%2Fv2%2Fcategories&post=3131"},{"taxonomy":"post_tag","embeddable":true,"href":"https:\/\/interactivos.museodelamemoria.cl\/victims\/index.php?rest_route=%2Fwp%2Fv2%2Ftags&post=3131"}],"curies":[{"name":"wp","href":"https:\/\/api.w.org\/{rel}","templated":true}]}}