{"id":3183,"date":"2013-04-01T00:00:00","date_gmt":"2013-04-01T00:00:00","guid":{"rendered":""},"modified":"2013-04-01T00:00:00","modified_gmt":"2013-04-01T00:00:00","slug":"victima-1","status":"publish","type":"post","link":"https:\/\/interactivos.museodelamemoria.cl\/victims\/?p=3183","title":{"rendered":"GOJANOVIC ARIAS DRAGO VINKO"},"content":{"rendered":"<hr class=\"wp-block-separator has-text-color has-white-color has-alpha-channel-opacity has-white-background-color has-background is-style-default\"\/><p><strong>Instancia Calificadora:<\/strong> CVR violaci\u00f3n de DDHH<\/p><p><strong>Militancia:<\/strong> PC<\/p><p><strong>Regi\u00f3n:<\/strong> RM Metropolitana<\/p><p><strong>Ciudad:<\/strong> SANTIAGO<\/p><p><strong>Comuna:<\/strong> <\/p><p><strong>Fecha Detenci\u00f3n\/Muerte:<\/strong> 12-09-1973<\/p><p><strong>Ocupaci\u00f3n:<\/strong> CHOFER EMBAJADA RDA<\/p><p><strong>Edad:<\/strong> 23<\/p>\n<hr class=\"wp-block-separator has-text-color has-white-color has-alpha-channel-opacity has-white-background-color has-background is-style-default\"\/>\tEl 12 de septiembre de 1973 fue ejecutado Drago Vinko GOJANOVIC ARIAS, de nacionalidad chilena-yugoslava, 23 a\u00f1os, chofer de la embajada de la Rep\u00fablica Democr\u00e1tica Alemana, militante comunista.  \r\n\r\nEl afectado fue detenido en el domicilio de sus padres, en Las Condes, por una patrulla militar, que se movilizaba en un jeep.  Desde all\u00ed fue conducido a su propio hogar, el que fue allanado, al igual que el de su hermana, quien viv\u00eda en un departamento vecino.  Luego fue llevado con destino desconocido, encontr\u00e1ndose posteriormente su cad\u00e1ver en la intersecci\u00f3n de la calle Tabancura con Avenida Kennedy.  El cuerpo fue retirado por su familia desde el Instituto M\u00e9dico Legal y la causa de muerte, seg\u00fan el certificado respectivo fue \u00abherida de bala tor\u00e1cica con salida de proyectil y estallido de arma de fuego cr\u00e1neo encef\u00e1lica\u00bb.\r\n  \r\nDe los antecedentes expuestos la Comisi\u00f3n pudo formarse la convicci\u00f3n de que el afectado fue ejecutado al margen de toda legalidad por agentes del Estado que le manten\u00edan detenido y bajo su custodia, constituyendo dicha acci\u00f3n una violaci\u00f3n a sus derechos humanos, en especial a la vida y al justo proceso.  Se basa tal convicci\u00f3n en la calidad de comunista de la v\u00edctima, en la existencia de testigos de la detenci\u00f3n y allanamiento, y en que su cad\u00e1ver fue encontrado en la v\u00eda p\u00fablica con m\u00faltiples heridas de bala.\t","protected":false},"excerpt":{"rendered":"<p>\tDrago Vinko Gojanovic Arias, 23 a\u00f1os, chofer de la embajada de la Rep\u00fablica Democr\u00e1tica Alemana, militante del Partido Comunista. Muerto el 12 de septiembre de 1973 en Santiago.<br \/>\n\t &hellip; <a href=\"https:\/\/interactivos.museodelamemoria.cl\/victims\/?p=3183\" class=\"more-link\"><span class=\"readmore\">Averigua m\u00e1s acerca de esta v\u00edctima&#8230;<span class=\"screen-reader-text\">GOJANOVIC ARIAS DRAGO VINKO<\/span><\/span><\/a><\/p>\n","protected":false},"author":1,"featured_media":0,"comment_status":"open","ping_status":"open","sticky":false,"template":"","format":"standard","meta":{"footnotes":""},"categories":[5],"tags":[],"class_list":["post-3183","post","type-post","status-publish","format-standard","hentry","category-ejecutado-politico"],"_links":{"self":[{"href":"https:\/\/interactivos.museodelamemoria.cl\/victims\/index.php?rest_route=\/wp\/v2\/posts\/3183"}],"collection":[{"href":"https:\/\/interactivos.museodelamemoria.cl\/victims\/index.php?rest_route=\/wp\/v2\/posts"}],"about":[{"href":"https:\/\/interactivos.museodelamemoria.cl\/victims\/index.php?rest_route=\/wp\/v2\/types\/post"}],"author":[{"embeddable":true,"href":"https:\/\/interactivos.museodelamemoria.cl\/victims\/index.php?rest_route=\/wp\/v2\/users\/1"}],"replies":[{"embeddable":true,"href":"https:\/\/interactivos.museodelamemoria.cl\/victims\/index.php?rest_route=%2Fwp%2Fv2%2Fcomments&post=3183"}],"version-history":[{"count":0,"href":"https:\/\/interactivos.museodelamemoria.cl\/victims\/index.php?rest_route=\/wp\/v2\/posts\/3183\/revisions"}],"wp:attachment":[{"href":"https:\/\/interactivos.museodelamemoria.cl\/victims\/index.php?rest_route=%2Fwp%2Fv2%2Fmedia&parent=3183"}],"wp:term":[{"taxonomy":"category","embeddable":true,"href":"https:\/\/interactivos.museodelamemoria.cl\/victims\/index.php?rest_route=%2Fwp%2Fv2%2Fcategories&post=3183"},{"taxonomy":"post_tag","embeddable":true,"href":"https:\/\/interactivos.museodelamemoria.cl\/victims\/index.php?rest_route=%2Fwp%2Fv2%2Ftags&post=3183"}],"curies":[{"name":"wp","href":"https:\/\/api.w.org\/{rel}","templated":true}]}}