{"id":3199,"date":"2013-04-01T00:00:00","date_gmt":"2013-04-01T00:00:00","guid":{"rendered":""},"modified":"2013-04-01T00:00:00","modified_gmt":"2013-04-01T00:00:00","slug":"victima-1","status":"publish","type":"post","link":"https:\/\/interactivos.museodelamemoria.cl\/victims\/?p=3199","title":{"rendered":"JIMENEZ ALFARO TUCAPEL FRANCISCO"},"content":{"rendered":"<hr class=\"wp-block-separator has-text-color has-white-color has-alpha-channel-opacity has-white-background-color has-background is-style-default\"\/><p><strong>Instancia Calificadora:<\/strong> CVR violaci\u00f3n de DDHH<\/p><p><strong>Militancia:<\/strong> Sin Militancia<\/p><p><strong>Regi\u00f3n:<\/strong> RM Metropolitana<\/p><p><strong>Ciudad:<\/strong> SANTIAGO<\/p><p><strong>Comuna:<\/strong> <\/p><p><strong>Fecha Detenci\u00f3n\/Muerte:<\/strong> 25-02-1982<\/p><p><strong>Ocupaci\u00f3n:<\/strong> <\/p><p><strong>Edad:<\/strong> 60<\/p>\n<hr class=\"wp-block-separator has-text-color has-white-color has-alpha-channel-opacity has-white-background-color has-background is-style-default\"\/>\tTucapel Francisco JIMENEZ ALFARO, dirigente de la Asociaci\u00f3n Nacional de Empleados Fiscales de Chile y figura de gran relevancia dentro del sindicalismo nacional de oposici\u00f3n al Gobierno de la \u00e9poca, fue interceptado el 25 de febrero de 1982 en el taxi que conduc\u00eda y llevado a un camino vecinal a 40 km de Santiago hacia el Poniente. En ese lugar se le dio muerte mediante disparos en el cr\u00e1neo y posterior degollamiento. \r\n\r\nEl m\u00f3vil de estos hechos no fue el robo ya que se encontraron en su poder especies de valor.  La v\u00edctima sufr\u00eda seguimientos previos, en los que aparecen comprometidos agentes de los servicios de seguridad, espec\u00edficamente miembros de la Secretar\u00eda Nacional de los Gremios y la CNI.\r\n\r\nCon posterioridad a los hechos se realizaron diversas maniobras destinadas a encubrir el crimen y entorpecer la labor de los investigadores. Incluso un individuo confes\u00f3 por escrito ser el autor del crimen para luego suicidarse, demostr\u00e1ndose posteriormente en el proceso que hab\u00eda sido asesinado y que la confesi\u00f3n era falsa. \r\n\r\nLa Comisi\u00f3n ha adquirido la convicci\u00f3n de que se trat\u00f3 de un crimen cometido por motivaciones pol\u00edticas en violaci\u00f3n de los derechos humanos de Tucapel Jim\u00e9nez.  Aunque no puede afirmar categ\u00f3ricamente que la ejecuci\u00f3n de este crimen fue obra de agentes del Estado, ponderados todos los antecedentes estima en conciencia que est\u00e1 comprometida en su muerte la responsabilidad del Estado por cuanto, si no fueron agentes del Estado los hechores, \u00e9stos contaron al menos con el amparo del Estado.\t","protected":false},"excerpt":{"rendered":"<p>\tTucapel Francisco Jim\u00e9nez Alfaro, 60 a\u00f1os, dirigente de la Asociaci\u00f3n Nacional de Empleados Fiscales de Chile. Muerto el 25 de febrero de 1982 en Santiago. \t &hellip; <a href=\"https:\/\/interactivos.museodelamemoria.cl\/victims\/?p=3199\" class=\"more-link\"><span class=\"readmore\">Averigua m\u00e1s acerca de esta v\u00edctima&#8230;<span class=\"screen-reader-text\">JIMENEZ ALFARO TUCAPEL FRANCISCO<\/span><\/span><\/a><\/p>\n","protected":false},"author":1,"featured_media":0,"comment_status":"open","ping_status":"open","sticky":false,"template":"","format":"standard","meta":{"footnotes":""},"categories":[5],"tags":[],"class_list":["post-3199","post","type-post","status-publish","format-standard","hentry","category-ejecutado-politico"],"_links":{"self":[{"href":"https:\/\/interactivos.museodelamemoria.cl\/victims\/index.php?rest_route=\/wp\/v2\/posts\/3199"}],"collection":[{"href":"https:\/\/interactivos.museodelamemoria.cl\/victims\/index.php?rest_route=\/wp\/v2\/posts"}],"about":[{"href":"https:\/\/interactivos.museodelamemoria.cl\/victims\/index.php?rest_route=\/wp\/v2\/types\/post"}],"author":[{"embeddable":true,"href":"https:\/\/interactivos.museodelamemoria.cl\/victims\/index.php?rest_route=\/wp\/v2\/users\/1"}],"replies":[{"embeddable":true,"href":"https:\/\/interactivos.museodelamemoria.cl\/victims\/index.php?rest_route=%2Fwp%2Fv2%2Fcomments&post=3199"}],"version-history":[{"count":0,"href":"https:\/\/interactivos.museodelamemoria.cl\/victims\/index.php?rest_route=\/wp\/v2\/posts\/3199\/revisions"}],"wp:attachment":[{"href":"https:\/\/interactivos.museodelamemoria.cl\/victims\/index.php?rest_route=%2Fwp%2Fv2%2Fmedia&parent=3199"}],"wp:term":[{"taxonomy":"category","embeddable":true,"href":"https:\/\/interactivos.museodelamemoria.cl\/victims\/index.php?rest_route=%2Fwp%2Fv2%2Fcategories&post=3199"},{"taxonomy":"post_tag","embeddable":true,"href":"https:\/\/interactivos.museodelamemoria.cl\/victims\/index.php?rest_route=%2Fwp%2Fv2%2Ftags&post=3199"}],"curies":[{"name":"wp","href":"https:\/\/api.w.org\/{rel}","templated":true}]}}