{"id":3252,"date":"2013-04-01T00:00:00","date_gmt":"2013-04-01T00:00:00","guid":{"rendered":""},"modified":"2024-09-03T15:08:13","modified_gmt":"2024-09-03T15:08:13","slug":"victima-1-622","status":"publish","type":"post","link":"https:\/\/interactivos.museodelamemoria.cl\/victims\/?p=3252","title":{"rendered":"VIELMA LUENGO EDUARDO GERMAN"},"content":{"rendered":"<hr class=\"wp-block-separator has-text-color has-white-color has-alpha-channel-opacity has-white-background-color has-background is-style-default\"\/><p><strong>Instancia Calificadora:<\/strong> CVR violaci\u00f3n de DDHH<\/p><p><strong>Militancia:<\/strong> Sin Militancia<\/p><p><strong>Regi\u00f3n:<\/strong> RM Metropolitana<\/p><p><strong>Ciudad:<\/strong> SANTIAGO<\/p><p><strong>Comuna:<\/strong> <\/p><p><strong>Fecha Detenci\u00f3n\/Muerte:<\/strong> 04-09-1986<\/p><p><strong>Ocupaci\u00f3n:<\/strong> OBRERO<\/p><p><strong>Edad:<\/strong> 24<\/p>\n<hr class=\"wp-block-separator has-text-color has-white-color has-alpha-channel-opacity has-white-background-color has-background is-style-default\"\/><p>Los d\u00edas 4 y 5 de septiembre de 1986 se realizaron diversas manifestaciones colectivas antigubernamentales.  En ese contexto encontraron la muerte dos personas:<\/p>\n<p>Eduardo Germ\u00e1n VIELMA LUENGO, de 24 a\u00f1os de edad, obrero, el 4 de septiembre por la noche muri\u00f3 a causa de un \u00abtraumatismo pulmonar derecho por bala\u00bb.  <\/p>\n<p>Todos los antecedentes reunidos hacen referencia a la intervenci\u00f3n de Carabineros haciendo uso de armas de fuego.  La Comisi\u00f3n no pudo obtener claridad en lo relativo a la existencia o no de disturbios callejeros ni a su magnitud.  Sin embargo, por los diversos testimonios y por la forma de muerte   herida a bala  , esta Comisi\u00f3n presume que Eduardo Vielma fue v\u00edctima de violaci\u00f3n a los derechos humanos cometida por agentes del Estado quienes hicieron uso excesivo de la fuerza.  <\/p>\n<p>Miguel Angel HERNANDEZ ALBORNOZ, de 17 a\u00f1os, en la tarde del 4 de septiembre se encontraba en la esquina de calles 7 Oriente y 6 Sur (Santiago) cuando fue impactado por una bala.  Falleci\u00f3 al d\u00eda siguiente.  <\/p>\n<p>Diversos testimonios se\u00f1alan que individuos no identificados dispararon con armas de fuego desde un autom\u00f3vil particular.  Estos antecedentes y el contexto en que ocurrieron los hechos, llevan a esta Comisi\u00f3n a formarse la convicci\u00f3n que Miguel Angel Hern\u00e1ndez fue v\u00edctima de violaci\u00f3n a los derechos humanos cometida por particulares que actuaban bajo pretexto pol\u00edtico.<\/p>\n\n\n<blockquote class=\"wp-block-quote is-layout-flow wp-block-quote-is-layout-flow\">\n<hr class=\"wp-block-separator has-alpha-channel-opacity\"\/>\n<cite><br>Para revisar informaci\u00f3n judicial sobre esta persona acceda al repositorio del Proyecto Expedientes de la Represi\u00f3n, que recopila las sentencias judiciales dictadas en los procesos penales ya concluidos por violaciones de derechos humanos cometidas durante la dictadura.<\/cite><\/blockquote>\n\n\n\n<figure class=\"wp-block-image is-resized\"><a href=\"https:\/\/expedientesdelarepresion.cl\/causa\/eduardo-german-vielma-luengo\/\" target=\"_blank\" rel=\"noreferrer noopener\"><img loading=\"lazy\" decoding=\"async\" width=\"126\" height=\"121\" src=\"https:\/\/interactivos.museodelamemoria.cl\/victimas\/wp-content\/uploads\/2024\/07\/logo-expedientes-de-la-represion_ok-e1721845389628.png\" alt=\"\" class=\"wp-image-5088\" style=\"width:115px;height:auto\"\/><\/a><\/figure>\n","protected":false},"excerpt":{"rendered":"<p>\tEduardo Germ\u00e1n Vielma Luengo, 24 a\u00f1os, obrero del Plan Ocupacional para Jefes de Hogar (POJH). Muerto el 4 de septiembre 1986 en Santiago.\t &hellip; <a href=\"https:\/\/interactivos.museodelamemoria.cl\/victims\/?p=3252\" class=\"more-link\"><span class=\"readmore\">Averigua m\u00e1s acerca de esta v\u00edctima&#8230;<span class=\"screen-reader-text\">VIELMA LUENGO EDUARDO GERMAN<\/span><\/span><\/a><\/p>\n","protected":false},"author":1,"featured_media":0,"comment_status":"open","ping_status":"open","sticky":false,"template":"","format":"standard","meta":{"footnotes":""},"categories":[5],"tags":[],"class_list":["post-3252","post","type-post","status-publish","format-standard","hentry","category-ejecutado-politico"],"_links":{"self":[{"href":"https:\/\/interactivos.museodelamemoria.cl\/victims\/index.php?rest_route=\/wp\/v2\/posts\/3252"}],"collection":[{"href":"https:\/\/interactivos.museodelamemoria.cl\/victims\/index.php?rest_route=\/wp\/v2\/posts"}],"about":[{"href":"https:\/\/interactivos.museodelamemoria.cl\/victims\/index.php?rest_route=\/wp\/v2\/types\/post"}],"author":[{"embeddable":true,"href":"https:\/\/interactivos.museodelamemoria.cl\/victims\/index.php?rest_route=\/wp\/v2\/users\/1"}],"replies":[{"embeddable":true,"href":"https:\/\/interactivos.museodelamemoria.cl\/victims\/index.php?rest_route=%2Fwp%2Fv2%2Fcomments&post=3252"}],"version-history":[{"count":3,"href":"https:\/\/interactivos.museodelamemoria.cl\/victims\/index.php?rest_route=\/wp\/v2\/posts\/3252\/revisions"}],"predecessor-version":[{"id":5904,"href":"https:\/\/interactivos.museodelamemoria.cl\/victims\/index.php?rest_route=\/wp\/v2\/posts\/3252\/revisions\/5904"}],"wp:attachment":[{"href":"https:\/\/interactivos.museodelamemoria.cl\/victims\/index.php?rest_route=%2Fwp%2Fv2%2Fmedia&parent=3252"}],"wp:term":[{"taxonomy":"category","embeddable":true,"href":"https:\/\/interactivos.museodelamemoria.cl\/victims\/index.php?rest_route=%2Fwp%2Fv2%2Fcategories&post=3252"},{"taxonomy":"post_tag","embeddable":true,"href":"https:\/\/interactivos.museodelamemoria.cl\/victims\/index.php?rest_route=%2Fwp%2Fv2%2Ftags&post=3252"}],"curies":[{"name":"wp","href":"https:\/\/api.w.org\/{rel}","templated":true}]}}