{"id":3253,"date":"2013-04-01T00:00:00","date_gmt":"2013-04-01T00:00:00","guid":{"rendered":""},"modified":"2013-04-01T00:00:00","modified_gmt":"2013-04-01T00:00:00","slug":"victima-1","status":"publish","type":"post","link":"https:\/\/interactivos.museodelamemoria.cl\/victims\/?p=3253","title":{"rendered":"WOOD GWIAZDON RONALD WILLIAM"},"content":{"rendered":"<hr class=\"wp-block-separator has-text-color has-white-color has-alpha-channel-opacity has-white-background-color has-background is-style-default\"\/><p><strong>Instancia Calificadora:<\/strong> CVR violaci\u00f3n de DDHH<\/p><p><strong>Militancia:<\/strong> Sin Militancia<\/p><p><strong>Regi\u00f3n:<\/strong> RM Metropolitana<\/p><p><strong>Ciudad:<\/strong> SANTIAGO<\/p><p><strong>Comuna:<\/strong> PROVIDENCIA<\/p><p><strong>Fecha Detenci\u00f3n\/Muerte:<\/strong> 23-05-1986<\/p><p><strong>Ocupaci\u00f3n:<\/strong> ESTUDIANTE I.P.S.<\/p><p><strong>Edad:<\/strong> 19<\/p>\n<hr class=\"wp-block-separator has-text-color has-white-color has-alpha-channel-opacity has-white-background-color has-background is-style-default\"\/>\tEl d\u00eda 20 de mayo de 1986 se llev\u00f3 a cabo una Jornada por la Democracia.  En el marco de las manifestaciones colectivas ocurridas ese d\u00eda en Santiago muri\u00f3 Ronald William WOOD GWIAZDON, 19 a\u00f1os de edad, estudiante de Auditor\u00eda en el Instituto Profesional de Santiago (IPS).\r\n\r\nEn la tarde de ese d\u00eda, mientras se desarrollaban manifestaciones en apoyo de la Asamblea Parlamentaria Internacional que ten\u00eda lugar en un hotel c\u00e9ntrico de Santiago, un grupo de estudiantes se reuni\u00f3 en el Puente Loreto.  Efectivos del Ej\u00e9rcito, que custodiaban todo el centro de la ciudad, estaban apostados en el lado sur del puente, impidiendo el paso de los estudiantes.  Testigos presenciales declaran que los militares comenzaron en un momento dado a avanzar por el puente y a disparar al aire con el objeto de dispersar a los j\u00f3venes.  Estos permanecieron en el lugar.  De pronto, cay\u00f3 herido Ronald Wood, quien fue trasladado por un particular hasta un centro asistencial, falleciendo tres d\u00edas m\u00e1s tarde a causa de un \u00abtraumatismo cr\u00e1neo encef\u00e1lico por disparos de arma de fuego\u00bb.  Peritos consultados indicaron que el disparo hab\u00eda sido efectuado por una escopeta antimotines.  Algunos testigos presenciales corroboraron haber visto la escopeta en manos de un uniformado, o haberla escuchado entre los disparos de fusil.\r\n\r\nLos antecedentes expuestos, junto a testimonios veros\u00edmiles que afirman el car\u00e1cter pac\u00edfico de la manifestaci\u00f3n, permiten a esta Comisi\u00f3n formarse convicci\u00f3n que Ronald Wood fue muerto por la acci\u00f3n de los agentes del Estado que, haciendo uso excesivo de la fuerza, violaron su derecho a la vida.\t","protected":false},"excerpt":{"rendered":"<p>\tRonald William Wood Gwiazdon, 19 a\u00f1os, estudiante de auditor\u00eda. Muerto el 23 de mayo de 1986, en Santiago.\t &hellip; <a href=\"https:\/\/interactivos.museodelamemoria.cl\/victims\/?p=3253\" class=\"more-link\"><span class=\"readmore\">Averigua m\u00e1s acerca de esta v\u00edctima&#8230;<span class=\"screen-reader-text\">WOOD GWIAZDON RONALD WILLIAM<\/span><\/span><\/a><\/p>\n","protected":false},"author":1,"featured_media":0,"comment_status":"open","ping_status":"open","sticky":false,"template":"","format":"standard","meta":{"footnotes":""},"categories":[5],"tags":[],"class_list":["post-3253","post","type-post","status-publish","format-standard","hentry","category-ejecutado-politico"],"_links":{"self":[{"href":"https:\/\/interactivos.museodelamemoria.cl\/victims\/index.php?rest_route=\/wp\/v2\/posts\/3253"}],"collection":[{"href":"https:\/\/interactivos.museodelamemoria.cl\/victims\/index.php?rest_route=\/wp\/v2\/posts"}],"about":[{"href":"https:\/\/interactivos.museodelamemoria.cl\/victims\/index.php?rest_route=\/wp\/v2\/types\/post"}],"author":[{"embeddable":true,"href":"https:\/\/interactivos.museodelamemoria.cl\/victims\/index.php?rest_route=\/wp\/v2\/users\/1"}],"replies":[{"embeddable":true,"href":"https:\/\/interactivos.museodelamemoria.cl\/victims\/index.php?rest_route=%2Fwp%2Fv2%2Fcomments&post=3253"}],"version-history":[{"count":0,"href":"https:\/\/interactivos.museodelamemoria.cl\/victims\/index.php?rest_route=\/wp\/v2\/posts\/3253\/revisions"}],"wp:attachment":[{"href":"https:\/\/interactivos.museodelamemoria.cl\/victims\/index.php?rest_route=%2Fwp%2Fv2%2Fmedia&parent=3253"}],"wp:term":[{"taxonomy":"category","embeddable":true,"href":"https:\/\/interactivos.museodelamemoria.cl\/victims\/index.php?rest_route=%2Fwp%2Fv2%2Fcategories&post=3253"},{"taxonomy":"post_tag","embeddable":true,"href":"https:\/\/interactivos.museodelamemoria.cl\/victims\/index.php?rest_route=%2Fwp%2Fv2%2Ftags&post=3253"}],"curies":[{"name":"wp","href":"https:\/\/api.w.org\/{rel}","templated":true}]}}