{"id":3254,"date":"2013-04-01T00:00:00","date_gmt":"2013-04-01T00:00:00","guid":{"rendered":""},"modified":"2013-04-01T00:00:00","modified_gmt":"2013-04-01T00:00:00","slug":"victima-1","status":"publish","type":"post","link":"https:\/\/interactivos.museodelamemoria.cl\/victims\/?p=3254","title":{"rendered":"YA\u00d1EZ ASTUDILLO EVARISTO SEGUNDO"},"content":{"rendered":"<hr class=\"wp-block-separator has-text-color has-white-color has-alpha-channel-opacity has-white-background-color has-background is-style-default\"\/><p><strong>Instancia Calificadora:<\/strong> CVR violaci\u00f3n de DDHH<\/p><p><strong>Militancia:<\/strong> PS<\/p><p><strong>Regi\u00f3n:<\/strong> RM Metropolitana<\/p><p><strong>Ciudad:<\/strong> SANTIAGO<\/p><p><strong>Comuna:<\/strong> <\/p><p><strong>Fecha Detenci\u00f3n\/Muerte:<\/strong> 20-09-1973<\/p><p><strong>Ocupaci\u00f3n:<\/strong> TECNICO RADIO<\/p><p><strong>Edad:<\/strong> 34<\/p>\n<hr class=\"wp-block-separator has-text-color has-white-color has-alpha-channel-opacity has-white-background-color has-background is-style-default\"\/>\tEl 20 de septiembre de 1973, fue muerto Evaristo Segundo YA\u00d1EZ ASTUDILLO, 34 a\u00f1os, dirigente de la Junta de Abastecimientos y Precios (JAP) de Lampa, militante del Partido Socialista.  El d\u00eda 17 de ese mes fue detenido por efectivos del Regimiento de Paracaidistas y Fuerzas Especiales de Peldehue, en el domicilio de sus padres ubicado en Lampa.  Fue trasladado al se\u00f1alado regimiento, siendo visto con vida por \u00faltima vez el d\u00eda 18.  Posteriormente ser\u00eda encontrado su cad\u00e1ver por familiares en el Instituto M\u00e9dico Legal.  La causa oficial de su defunci\u00f3n es herida a bala y ocurri\u00f3 a las 23,30 horas del d\u00eda 20.\r\n\r\nLa Comisi\u00f3n est\u00e1 convencida de que la muerte Evaristo Y\u00e1\u00f1ez constituy\u00f3 un caso de violaci\u00f3n a los derechos humanos, al haber sido ejecutado por agentes estatales al margen de todo proceso.  Tal convicci\u00f3n se funda en los siguientes argumentos:\r\n\r\n&#8211; El hecho de que se haya acreditado la detenci\u00f3n previa por personal del Regimiento de Peldehue;\r\n&#8211; Las m\u00faltiples heridas a bala que registraba el cuerpo dan cuenta de que su muerte fue producto de una ejecuci\u00f3n similar a las que se realizaron en ese mismo recinto en otros casos denunciados a esta Comisi\u00f3n;\r\n&#8211; El breve espacio de tiempo que transcurri\u00f3 entre la detenci\u00f3n y la muerte es insuficiente para que se hubiese realizado cualquier tipo de juicio en su contra, del cual, adem\u00e1s, no hay constancia alguna.\t","protected":false},"excerpt":{"rendered":"<p>\tEvaristo Segundo Ya\u00f1ez Astudillo, 34 a\u00f1os, militante del Partido Socialista. Muerto el 20 de septiembre de 1973 en Santiago.\t &hellip; <a href=\"https:\/\/interactivos.museodelamemoria.cl\/victims\/?p=3254\" class=\"more-link\"><span class=\"readmore\">Averigua m\u00e1s acerca de esta v\u00edctima&#8230;<span class=\"screen-reader-text\">YA\u00d1EZ ASTUDILLO EVARISTO SEGUNDO<\/span><\/span><\/a><\/p>\n","protected":false},"author":1,"featured_media":0,"comment_status":"open","ping_status":"open","sticky":false,"template":"","format":"standard","meta":{"footnotes":""},"categories":[5],"tags":[],"class_list":["post-3254","post","type-post","status-publish","format-standard","hentry","category-ejecutado-politico"],"_links":{"self":[{"href":"https:\/\/interactivos.museodelamemoria.cl\/victims\/index.php?rest_route=\/wp\/v2\/posts\/3254"}],"collection":[{"href":"https:\/\/interactivos.museodelamemoria.cl\/victims\/index.php?rest_route=\/wp\/v2\/posts"}],"about":[{"href":"https:\/\/interactivos.museodelamemoria.cl\/victims\/index.php?rest_route=\/wp\/v2\/types\/post"}],"author":[{"embeddable":true,"href":"https:\/\/interactivos.museodelamemoria.cl\/victims\/index.php?rest_route=\/wp\/v2\/users\/1"}],"replies":[{"embeddable":true,"href":"https:\/\/interactivos.museodelamemoria.cl\/victims\/index.php?rest_route=%2Fwp%2Fv2%2Fcomments&post=3254"}],"version-history":[{"count":0,"href":"https:\/\/interactivos.museodelamemoria.cl\/victims\/index.php?rest_route=\/wp\/v2\/posts\/3254\/revisions"}],"wp:attachment":[{"href":"https:\/\/interactivos.museodelamemoria.cl\/victims\/index.php?rest_route=%2Fwp%2Fv2%2Fmedia&parent=3254"}],"wp:term":[{"taxonomy":"category","embeddable":true,"href":"https:\/\/interactivos.museodelamemoria.cl\/victims\/index.php?rest_route=%2Fwp%2Fv2%2Fcategories&post=3254"},{"taxonomy":"post_tag","embeddable":true,"href":"https:\/\/interactivos.museodelamemoria.cl\/victims\/index.php?rest_route=%2Fwp%2Fv2%2Ftags&post=3254"}],"curies":[{"name":"wp","href":"https:\/\/api.w.org\/{rel}","templated":true}]}}