{"id":3255,"date":"2013-04-01T00:00:00","date_gmt":"2013-04-01T00:00:00","guid":{"rendered":""},"modified":"2025-07-30T15:23:42","modified_gmt":"2025-07-30T19:23:42","slug":"victima-1-1294","status":"publish","type":"post","link":"https:\/\/interactivos.museodelamemoria.cl\/victims\/?p=3255","title":{"rendered":"ZEREGA PONCE VICTOR OSVALDO"},"content":{"rendered":"\n<hr class=\"wp-block-separator has-text-color has-white-color has-alpha-channel-opacity has-white-background-color has-background is-style-default\"\/>\n\n\n<p><strong>Instancia Calificadora:<\/strong> CVR violaci\u00f3n de DDHH<\/p><p><strong>Militancia:<\/strong> PS<\/p><p><strong>Regi\u00f3n:<\/strong> V Valpara\u00edso<\/p><p><strong>Ciudad:<\/strong> VI\u00d1A DEL MAR<\/p><p><strong>Comuna:<\/strong> <\/p><p><strong>Fecha Detenci\u00f3n\/Muerte:<\/strong> 02-07-1974<\/p><p><strong>Ocupaci\u00f3n:<\/strong> ESTUDIANTE UNIVERSITARIO<\/p><p><strong>Edad:<\/strong> 26<\/p>\n\n\n\n<hr class=\"wp-block-separator has-text-color has-white-color has-alpha-channel-opacity has-white-background-color has-background is-style-default\"\/>\n\n\n<p>El 2 de julio de 1974 fue muerto V\u00edctor Osvaldo ZEREGA PONCE, bachiller en Econom\u00eda, militante socialista y miembro de la Comisi\u00f3n Pol\u00edtica de ese partido, quien fue detenido en el mes de junio de 1974. Pocos d\u00edas antes hab\u00eda sido detenido su hermano, a quien se le interrog\u00f3 sobre su paradero.<\/p>\n<p>Lo tuvieron en los subterr\u00e1neos de la Plaza de la Constituci\u00f3n, en Santiago, lugar en donde era posible ver frazadas con la sigla del SICAR.<\/p>\n<p>Testigos que lo vieron en ese lugar indican que en una ocasi\u00f3n fue muy golpeado, aparentemente por haberse tratado de escapar cuando concurr\u00eda a un punto junto a sus captores. Una detenida se\u00f1al\u00f3 que el d\u00eda uno o dos de julio se le inform\u00f3 que trasladar\u00edan a la v\u00edctima a Valpara\u00edso.<\/p>\n<p>Su cuerpo fue encontrado el 4 de julio en la Playa Los Lilenes de la costa central. En el certificado de defunci\u00f3n se indica como la causa de la muerte el disparo de arma de fuego en la regi\u00f3n tor\u00e1cica derecha con perforaci\u00f3n del h\u00edgado y ri\u00f1\u00f3n derecho, ca\u00edda al agua y ahogamiento final.<\/p>\n<p>La Comisi\u00f3n ha llegado a la convicci\u00f3n fue ejecutado por agentes del Estado, quienes violaron as\u00ed sus derechos humanos.<\/p>\n<p><em>Para revisar informaci\u00f3n judicial sobre esta persona acceda al repositorio del Proyecto Expedientes de la Represi\u00f3n, que recopila las sentencias judiciales dictadas en los procesos penales ya concluidos por violaciones de derechos humanos cometidas durante la dictadura.<\/em><\/p>\n\n\n<p><\/p>\n\n\n\n<figure class=\"wp-block-image size-full\"><a href=\"https:\/\/expedientesdelarepresion.cl\/causa\/caso-victor-zerega-ponce\/\"><img loading=\"lazy\" decoding=\"async\" width=\"126\" height=\"121\" src=\"https:\/\/interactivos.museodelamemoria.cl\/victims\/wp-content\/uploads\/2013\/04\/image.png\" alt=\"\" class=\"wp-image-8174\"\/><\/a><\/figure>\n","protected":false},"excerpt":{"rendered":"<p>\tV\u00edctor Osvaldo Zerega Ponce, 26 a\u00f1os,  bachiller en econom\u00eda, militante del Partido Socialista. Muerto el 2 de julio de 1974 en Vi\u00f1a del Mar.\t &hellip; <a href=\"https:\/\/interactivos.museodelamemoria.cl\/victims\/?p=3255\" class=\"more-link\"><span class=\"readmore\">Averigua m\u00e1s acerca de esta v\u00edctima&#8230;<span class=\"screen-reader-text\">ZEREGA PONCE VICTOR OSVALDO<\/span><\/span><\/a><\/p>\n","protected":false},"author":1,"featured_media":0,"comment_status":"open","ping_status":"open","sticky":false,"template":"","format":"standard","meta":{"footnotes":""},"categories":[5],"tags":[],"class_list":["post-3255","post","type-post","status-publish","format-standard","hentry","category-ejecutado-politico"],"_links":{"self":[{"href":"https:\/\/interactivos.museodelamemoria.cl\/victims\/index.php?rest_route=\/wp\/v2\/posts\/3255"}],"collection":[{"href":"https:\/\/interactivos.museodelamemoria.cl\/victims\/index.php?rest_route=\/wp\/v2\/posts"}],"about":[{"href":"https:\/\/interactivos.museodelamemoria.cl\/victims\/index.php?rest_route=\/wp\/v2\/types\/post"}],"author":[{"embeddable":true,"href":"https:\/\/interactivos.museodelamemoria.cl\/victims\/index.php?rest_route=\/wp\/v2\/users\/1"}],"replies":[{"embeddable":true,"href":"https:\/\/interactivos.museodelamemoria.cl\/victims\/index.php?rest_route=%2Fwp%2Fv2%2Fcomments&post=3255"}],"version-history":[{"count":1,"href":"https:\/\/interactivos.museodelamemoria.cl\/victims\/index.php?rest_route=\/wp\/v2\/posts\/3255\/revisions"}],"predecessor-version":[{"id":8547,"href":"https:\/\/interactivos.museodelamemoria.cl\/victims\/index.php?rest_route=\/wp\/v2\/posts\/3255\/revisions\/8547"}],"wp:attachment":[{"href":"https:\/\/interactivos.museodelamemoria.cl\/victims\/index.php?rest_route=%2Fwp%2Fv2%2Fmedia&parent=3255"}],"wp:term":[{"taxonomy":"category","embeddable":true,"href":"https:\/\/interactivos.museodelamemoria.cl\/victims\/index.php?rest_route=%2Fwp%2Fv2%2Fcategories&post=3255"},{"taxonomy":"post_tag","embeddable":true,"href":"https:\/\/interactivos.museodelamemoria.cl\/victims\/index.php?rest_route=%2Fwp%2Fv2%2Ftags&post=3255"}],"curies":[{"name":"wp","href":"https:\/\/api.w.org\/{rel}","templated":true}]}}